{"id":958,"date":"2018-03-15T14:19:50","date_gmt":"2018-03-15T17:19:50","guid":{"rendered":"http:\/\/mnu.org.br\/?p=958"},"modified":"2018-03-15T14:19:50","modified_gmt":"2018-03-15T17:19:50","slug":"marielle-franco-presente-nao-nos-calarao","status":"publish","type":"post","link":"https:\/\/novo.mnu.org.br\/?p=958","title":{"rendered":"Marcha em protesto a execu\u00e7\u00e3o de Marielle Franco. Acesse o v\u00eddeo"},"content":{"rendered":"<blockquote><p>Vidas Negras importam!<\/p><\/blockquote>\n<div style=\"width: 640px;\" class=\"wp-video\"><video class=\"wp-video-shortcode\" id=\"video-958-1\" width=\"640\" height=\"360\" preload=\"metadata\" controls=\"controls\"><source type=\"video\/mp4\" src=\"https:\/\/novo.mnu.org.br\/wp-content\/uploads\/2018\/03\/7b2f2309-5def-4e9d-80ae-7a56256f868c.mp4?_=1\" \/><a href=\"https:\/\/novo.mnu.org.br\/wp-content\/uploads\/2018\/03\/7b2f2309-5def-4e9d-80ae-7a56256f868c.mp4\">https:\/\/novo.mnu.org.br\/wp-content\/uploads\/2018\/03\/7b2f2309-5def-4e9d-80ae-7a56256f868c.mp4<\/a><\/video><\/div>\n","protected":false},"excerpt":{"rendered":"<p>Vidas Negras importam!<\/p>\n","protected":false},"author":3,"featured_media":961,"comment_status":"open","ping_status":"open","sticky":false,"template":"","format":"standard","meta":{"footnotes":""},"categories":[9,5],"tags":[],"class_list":["post-958","post","type-post","status-publish","format-standard","has-post-thumbnail","hentry","category-destaque-2","category-noticias"],"_links":{"self":[{"href":"https:\/\/novo.mnu.org.br\/index.php?rest_route=\/wp\/v2\/posts\/958","targetHints":{"allow":["GET"]}}],"collection":[{"href":"https:\/\/novo.mnu.org.br\/index.php?rest_route=\/wp\/v2\/posts"}],"about":[{"href":"https:\/\/novo.mnu.org.br\/index.php?rest_route=\/wp\/v2\/types\/post"}],"author":[{"embeddable":true,"href":"https:\/\/novo.mnu.org.br\/index.php?rest_route=\/wp\/v2\/users\/3"}],"replies":[{"embeddable":true,"href":"https:\/\/novo.mnu.org.br\/index.php?rest_route=%2Fwp%2Fv2%2Fcomments&post=958"}],"version-history":[{"count":0,"href":"https:\/\/novo.mnu.org.br\/index.php?rest_route=\/wp\/v2\/posts\/958\/revisions"}],"wp:featuredmedia":[{"embeddable":true,"href":"https:\/\/novo.mnu.org.br\/index.php?rest_route=\/wp\/v2\/media\/961"}],"wp:attachment":[{"href":"https:\/\/novo.mnu.org.br\/index.php?rest_route=%2Fwp%2Fv2%2Fmedia&parent=958"}],"wp:term":[{"taxonomy":"category","embeddable":true,"href":"https:\/\/novo.mnu.org.br\/index.php?rest_route=%2Fwp%2Fv2%2Fcategories&post=958"},{"taxonomy":"post_tag","embeddable":true,"href":"https:\/\/novo.mnu.org.br\/index.php?rest_route=%2Fwp%2Fv2%2Ftags&post=958"}],"curies":[{"name":"wp","href":"https:\/\/api.w.org\/{rel}","templated":true}]}}