{"id":909,"date":"2018-02-17T01:54:14","date_gmt":"2018-02-17T03:54:14","guid":{"rendered":"http:\/\/mnu.org.br\/?p=909"},"modified":"2018-02-17T01:54:14","modified_gmt":"2018-02-17T03:54:14","slug":"movimento-negro-unificado-repudia-intervencao-militar-no-rio-de-janeiro","status":"publish","type":"post","link":"https:\/\/novo.mnu.org.br\/?p=909","title":{"rendered":"Movimento Negro Unificado repudia interven\u00e7\u00e3o militar no Rio de Janeiro\u00a0"},"content":{"rendered":"<blockquote><p>O <strong>MNU<\/strong> repudia esta a\u00e7\u00e3o por ser mais uma das investidas contra o Povo Negro, pobre e favelado.<\/p><\/blockquote>\n<p><!--more--><\/p>\n<p>No calar da madrugada, as for\u00e7as racistas e reacion\u00e1rias que governam o pa\u00eds emitiram um decreto de interven\u00e7\u00e3o militar no Estado do Rio de Janeiro assinado pela Presid\u00eancia da Rep\u00fablica. Feito desastroso n\u00e3o visto desde a promulga\u00e7\u00e3o da Constitui\u00e7\u00e3o Federal de 1988.<\/p>\n<p>O <strong>MNU<\/strong> repudia esta a\u00e7\u00e3o por ser mais uma das investidas contra o Povo Negro, pobre e favelado.<\/p>\n<p>A militariza\u00e7\u00e3o dos nossos territ\u00f3rios \u00e9 o projeto de controle social e pol\u00edtico dos nossos corpos.<\/p>\n<p>A continuidade do projeto racista de organiza\u00e7\u00e3o social subjuga a popula\u00e7\u00e3o negra por caracteriza-la como indiv\u00edduo suspeito e subversivo, ou seja, para o estado racista a popula\u00e7\u00e3o negra tem cara de criminoso.<\/p>\n<p>A ocupa\u00e7\u00e3o das for\u00e7as armadas no territ\u00f3rio fluminense \u00e9 mais uma etapa do golpe.<\/p>\n<p>Ao inv\u00e9s de investimentos financeiros em educa\u00e7\u00e3o, sa\u00fade, gera\u00e7\u00e3o de emprego e renda, o governo federal investe no fortalecimento da ind\u00fastria b\u00e9lica.<\/p>\n<p><strong>Para cada 4 jovens assassinados no Brasil, 3 s\u00e3o negros. <\/strong>A Militariza\u00e7\u00e3o do territ\u00f3rio n\u00e3o reduz a viol\u00eancia.<\/p>\n<p>O <strong>Movimento Negro Unificado<\/strong> n\u00e3o vai ficar bestializado observando mais um golpe sobre nossos corpos. Estaremos no campo e nas cidades, nas f\u00e1bricas e nas ruas, no asfalto e na favela lutando por nosso direito de viver com dignidade.<\/p>\n<p>&nbsp;<\/p>\n<p style=\"text-align: center;\"><strong>MOVIMENTO NEGRO UNIFICADO<\/strong><\/p>\n<p style=\"text-align: center;\">Desde 1978 na luta contra o racismo.<\/p>\n<p style=\"text-align: center;\"><strong>Reaja \u00e0 Viol\u00eancia Racial!<\/strong><\/p>\n<p>&nbsp;<\/p>\n<p>Brasil, 16.2.18.<\/p>\n","protected":false},"excerpt":{"rendered":"<p>O MNU repudia esta a\u00e7\u00e3o por ser mais uma das investidas contra o Povo Negro, pobre e favelado.<\/p>\n","protected":false},"author":3,"featured_media":914,"comment_status":"open","ping_status":"open","sticky":false,"template":"","format":"standard","meta":{"footnotes":""},"categories":[5],"tags":[],"class_list":["post-909","post","type-post","status-publish","format-standard","has-post-thumbnail","hentry","category-noticias"],"_links":{"self":[{"href":"https:\/\/novo.mnu.org.br\/index.php?rest_route=\/wp\/v2\/posts\/909","targetHints":{"allow":["GET"]}}],"collection":[{"href":"https:\/\/novo.mnu.org.br\/index.php?rest_route=\/wp\/v2\/posts"}],"about":[{"href":"https:\/\/novo.mnu.org.br\/index.php?rest_route=\/wp\/v2\/types\/post"}],"author":[{"embeddable":true,"href":"https:\/\/novo.mnu.org.br\/index.php?rest_route=\/wp\/v2\/users\/3"}],"replies":[{"embeddable":true,"href":"https:\/\/novo.mnu.org.br\/index.php?rest_route=%2Fwp%2Fv2%2Fcomments&post=909"}],"version-history":[{"count":0,"href":"https:\/\/novo.mnu.org.br\/index.php?rest_route=\/wp\/v2\/posts\/909\/revisions"}],"wp:featuredmedia":[{"embeddable":true,"href":"https:\/\/novo.mnu.org.br\/index.php?rest_route=\/wp\/v2\/media\/914"}],"wp:attachment":[{"href":"https:\/\/novo.mnu.org.br\/index.php?rest_route=%2Fwp%2Fv2%2Fmedia&parent=909"}],"wp:term":[{"taxonomy":"category","embeddable":true,"href":"https:\/\/novo.mnu.org.br\/index.php?rest_route=%2Fwp%2Fv2%2Fcategories&post=909"},{"taxonomy":"post_tag","embeddable":true,"href":"https:\/\/novo.mnu.org.br\/index.php?rest_route=%2Fwp%2Fv2%2Ftags&post=909"}],"curies":[{"name":"wp","href":"https:\/\/api.w.org\/{rel}","templated":true}]}}