{"id":890,"date":"2018-02-01T06:39:27","date_gmt":"2018-02-01T08:39:27","guid":{"rendered":"http:\/\/mnu.org.br\/?p=890"},"modified":"2018-02-01T06:39:27","modified_gmt":"2018-02-01T08:39:27","slug":"mnu-convida-nelson-inocencio-para-criar-simbolo-dos-40-anos","status":"publish","type":"post","link":"https:\/\/novo.mnu.org.br\/?p=890","title":{"rendered":"MNU convida Nelson Inoc\u00eancio para criar s\u00edmbolo dos 40 anos"},"content":{"rendered":"<blockquote><p>Com certeza, ser\u00e1 mais uma importante contribui\u00e7\u00e3o de sua caminhada antirracismo.<\/p><\/blockquote>\n<p><!--more--><\/p>\n<p>Na agenda de prepara\u00e7\u00e3o das atividades dos 40 anosa, a coordenadora nacional do MNU, I\u00eada Leal, esteve nessa ter\u00e7a-feira (30.1), em Bras\u00edlia, para convidar o artista pl\u00e1stico, doutor em artes \u00a0e professor da UNB, Nelson Inoc\u00eancio, para criar o s\u00edmbolo comemorativo dos 40 anos da entidade.<\/p>\n<p>Emocionado, ele aceitou o convite. Com certeza, ser\u00e1 mais uma importante contribui\u00e7\u00e3o da sua caminhada antirracismo. E n\u00e3o seria diferente.\u00a0 O talento de Nelson Inoc\u00eancio est\u00e1 vivo na mem\u00f3ria de luta do MNU. Seus versos, seus tra\u00e7os afrocentrados deram voz e forma a materiais produzidos pela entidade contra o racismo e pela valoriza\u00e7\u00e3o da cultura negra. S\u00e3o dele a letra e m\u00fasica do Hino do MNU e muitos cartazes de campanhas desenvolvidas em defesa da dignidade e democracia racial.<\/p>\n<p>Nelson atuou por 14 anos no Movimento Negro Unificado.\u00a0 O reencontro na celebra\u00e7\u00e3o dos 40 anos \u00e9 como est\u00e1 nos seus versos: \u201c&#8230; A mal\u00edcia de ter no pensamento toda luta do passado<strong>&#8230; nossa luta unificada\u201d<\/strong><\/p>\n","protected":false},"excerpt":{"rendered":"<p>Com certeza, ser\u00e1 mais uma importante contribui\u00e7\u00e3o de sua caminhada antirracismo.<\/p>\n","protected":false},"author":3,"featured_media":891,"comment_status":"open","ping_status":"open","sticky":false,"template":"","format":"standard","meta":{"footnotes":""},"categories":[9,5],"tags":[],"class_list":["post-890","post","type-post","status-publish","format-standard","has-post-thumbnail","hentry","category-destaque-2","category-noticias"],"_links":{"self":[{"href":"https:\/\/novo.mnu.org.br\/index.php?rest_route=\/wp\/v2\/posts\/890","targetHints":{"allow":["GET"]}}],"collection":[{"href":"https:\/\/novo.mnu.org.br\/index.php?rest_route=\/wp\/v2\/posts"}],"about":[{"href":"https:\/\/novo.mnu.org.br\/index.php?rest_route=\/wp\/v2\/types\/post"}],"author":[{"embeddable":true,"href":"https:\/\/novo.mnu.org.br\/index.php?rest_route=\/wp\/v2\/users\/3"}],"replies":[{"embeddable":true,"href":"https:\/\/novo.mnu.org.br\/index.php?rest_route=%2Fwp%2Fv2%2Fcomments&post=890"}],"version-history":[{"count":0,"href":"https:\/\/novo.mnu.org.br\/index.php?rest_route=\/wp\/v2\/posts\/890\/revisions"}],"wp:featuredmedia":[{"embeddable":true,"href":"https:\/\/novo.mnu.org.br\/index.php?rest_route=\/wp\/v2\/media\/891"}],"wp:attachment":[{"href":"https:\/\/novo.mnu.org.br\/index.php?rest_route=%2Fwp%2Fv2%2Fmedia&parent=890"}],"wp:term":[{"taxonomy":"category","embeddable":true,"href":"https:\/\/novo.mnu.org.br\/index.php?rest_route=%2Fwp%2Fv2%2Fcategories&post=890"},{"taxonomy":"post_tag","embeddable":true,"href":"https:\/\/novo.mnu.org.br\/index.php?rest_route=%2Fwp%2Fv2%2Ftags&post=890"}],"curies":[{"name":"wp","href":"https:\/\/api.w.org\/{rel}","templated":true}]}}