{"id":882,"date":"2018-02-01T06:10:34","date_gmt":"2018-02-01T08:10:34","guid":{"rendered":"http:\/\/mnu.org.br\/?p=882"},"modified":"2018-02-01T06:10:34","modified_gmt":"2018-02-01T08:10:34","slug":"mnu-40-anos-mobilizacao-em-brasilia","status":"publish","type":"post","link":"https:\/\/novo.mnu.org.br\/?p=882","title":{"rendered":"MNU 40 anos:  Mobiliza\u00e7\u00e3o em  Bras\u00edlia"},"content":{"rendered":"<p>O Movimento Negro Unificado (MNU) celebra este ano 40 anos de sua funda\u00e7\u00e3o; de luta contra o racismo e em defesa da vida. V\u00e1rias atividades est\u00e3o sendo programadas para comemorar e reafirmar o prop\u00f3sito que motivou a sua cria\u00e7\u00e3o em 1978: A luta pela democracia racial, por uma sociedade verdadeiramente justa!<\/p>\n<p>Para preparar a programa\u00e7\u00e3o de celebra\u00e7\u00e3o dos 40 anos, o MNU est\u00e1 realizando reuni\u00f5es com a milit\u00e2ncia das se\u00e7\u00f5es estaduais em todo pa\u00eds e, tamb\u00e9m, com parceiros da luta contra o racismo.<\/p>\n<p><strong>Mobiliza\u00e7\u00e3o Bras\u00edlia<\/strong><\/p>\n<p>Realizada esta semana, em Bras\u00edlia, reuni\u00e3o com a coordena\u00e7\u00e3o estadual, militantes do MNU e a coordenadora nacional, I\u00eada Leal.\u00a0 Na pauta, a reorganiza\u00e7\u00e3o do MNU e a prepara\u00e7\u00e3o das comemora\u00e7\u00f5es dos 40 anos da entidade.<\/p>\n<p>Presentes a atual coordenadora estadual do MNU\/DF, Jacira Silva, os militantes Geovany, Cristiana, Ronaldo, J\u00falio Camisol\u00e3o e Adeildo do MNU\/PE. Durante a reuni\u00e3o, a coordena\u00e7\u00e3o estadual convocou elei\u00e7\u00f5es da nova diretoria para 24 de fevereiro de 2018.<\/p>\n<p>\u201cO dialogo com toda a milit\u00e2ncia do MNU \u00e9 decisivo para nossa organiza\u00e7\u00e3o cumprir a sua tarefa de combater o racismo, especialmente neste ano dos 40 anos de luta\u201d, enfatizou a I\u00eada Leal.<\/p>\n<p>&nbsp;<\/p>\n","protected":false},"excerpt":{"rendered":"<p>O Movimento Negro Unificado (MNU) celebra este ano 40 anos de sua funda\u00e7\u00e3o; de luta contra o racismo e em defesa da vida. V\u00e1rias atividades est\u00e3o sendo programadas para comemorar e reafirmar o prop\u00f3sito que motivou a sua cria\u00e7\u00e3o em 1978: A luta pela democracia racial, por uma sociedade verdadeiramente justa! Para preparar a programa\u00e7\u00e3o [&hellip;]<\/p>\n","protected":false},"author":3,"featured_media":883,"comment_status":"open","ping_status":"open","sticky":false,"template":"","format":"standard","meta":{"footnotes":""},"categories":[8,5],"tags":[],"class_list":["post-882","post","type-post","status-publish","format-standard","has-post-thumbnail","hentry","category-destaque-1","category-noticias"],"_links":{"self":[{"href":"https:\/\/novo.mnu.org.br\/index.php?rest_route=\/wp\/v2\/posts\/882","targetHints":{"allow":["GET"]}}],"collection":[{"href":"https:\/\/novo.mnu.org.br\/index.php?rest_route=\/wp\/v2\/posts"}],"about":[{"href":"https:\/\/novo.mnu.org.br\/index.php?rest_route=\/wp\/v2\/types\/post"}],"author":[{"embeddable":true,"href":"https:\/\/novo.mnu.org.br\/index.php?rest_route=\/wp\/v2\/users\/3"}],"replies":[{"embeddable":true,"href":"https:\/\/novo.mnu.org.br\/index.php?rest_route=%2Fwp%2Fv2%2Fcomments&post=882"}],"version-history":[{"count":0,"href":"https:\/\/novo.mnu.org.br\/index.php?rest_route=\/wp\/v2\/posts\/882\/revisions"}],"wp:featuredmedia":[{"embeddable":true,"href":"https:\/\/novo.mnu.org.br\/index.php?rest_route=\/wp\/v2\/media\/883"}],"wp:attachment":[{"href":"https:\/\/novo.mnu.org.br\/index.php?rest_route=%2Fwp%2Fv2%2Fmedia&parent=882"}],"wp:term":[{"taxonomy":"category","embeddable":true,"href":"https:\/\/novo.mnu.org.br\/index.php?rest_route=%2Fwp%2Fv2%2Fcategories&post=882"},{"taxonomy":"post_tag","embeddable":true,"href":"https:\/\/novo.mnu.org.br\/index.php?rest_route=%2Fwp%2Fv2%2Ftags&post=882"}],"curies":[{"name":"wp","href":"https:\/\/api.w.org\/{rel}","templated":true}]}}