{"id":869,"date":"2018-01-29T13:55:42","date_gmt":"2018-01-29T15:55:42","guid":{"rendered":"http:\/\/mnu.org.br\/?p=869"},"modified":"2018-01-29T13:55:42","modified_gmt":"2018-01-29T15:55:42","slug":"coordenadora-nacional-do-mnu-cobra-punicao-exemplar-para-pessoas-que-cometem-crime-de-racismo","status":"publish","type":"post","link":"https:\/\/novo.mnu.org.br\/?p=869","title":{"rendered":"Coordenadora Nacional do MNU cobra puni\u00e7\u00e3o  para pessoas que cometem crime de racismo"},"content":{"rendered":"<p>Durante\u00a0 Audi\u00eancia P\u00fablica realizada nesta segunda-feira (29), na sede do MPGO, em Goi\u00e2nia.<br \/>\n# Reaja \u00e0 Viol\u00eancia Racial<\/p>\n<p>Representante do Movimento Negro Unificado, Ieda Leal esteve nesta manh\u00e3 em audi\u00eancia com o procurador-geral de Justi\u00e7a, Benedito Torres Neto, para acompanha<span class=\"text_exposed_show\">r investiga\u00e7\u00e3o sobre poss\u00edvel pr\u00e1tica de racismo em prova de concurso p\u00fablico de Morrinhos.<\/span><\/p>\n<p><span class=\"text_exposed_show\">\u2800<\/span><\/p>\n<p>https:\/\/www.facebook.com\/MPdeGoias\/videos\/1591867357568537\/<\/p>\n<p><span class=\"text_exposed_show\"><a class=\"_58cn\" href=\"https:\/\/www.facebook.com\/hashtag\/mp?source=feed_text&amp;story_id=763047283895238\" data-ft=\"{&quot;tn&quot;:&quot;*N&quot;,&quot;type&quot;:104}\"><span class=\"_5afx\"><span class=\"_58cl _5afz\" aria-label=\"hashtag\">#<\/span><span class=\"_58cm\">mp<\/span><\/span><\/a>\u00a0<a class=\"_58cn\" href=\"https:\/\/www.facebook.com\/hashtag\/mpgo?source=feed_text&amp;story_id=763047283895238\" data-ft=\"{&quot;tn&quot;:&quot;*N&quot;,&quot;type&quot;:104}\"><span class=\"_5afx\"><span class=\"_58cl _5afz\" aria-label=\"hashtag\">#<\/span><span class=\"_58cm\">mpgo<\/span><\/span><\/a>\u00a0<a class=\"_58cn\" href=\"https:\/\/www.facebook.com\/hashtag\/mpdegoi%C3%A1s?source=feed_text&amp;story_id=763047283895238\" data-ft=\"{&quot;tn&quot;:&quot;*N&quot;,&quot;type&quot;:104}\"><span class=\"_5afx\"><span class=\"_58cl _5afz\" aria-label=\"hashtag\">#<\/span><span class=\"_58cm\">mpdegoi\u00e1s<\/span><\/span><\/a>\u00a0<a class=\"_58cn\" href=\"https:\/\/www.facebook.com\/hashtag\/movimentonegrounificado?source=feed_text&amp;story_id=763047283895238\" data-ft=\"{&quot;tn&quot;:&quot;*N&quot;,&quot;type&quot;:104}\"><span class=\"_5afx\"><span class=\"_58cl _5afz\" aria-label=\"hashtag\">#<\/span><span class=\"_58cm\">movimentonegrounificado<\/span><\/span><\/a>\u00a0<a class=\"_58cn\" href=\"https:\/\/www.facebook.com\/hashtag\/racismo?source=feed_text&amp;story_id=763047283895238\" data-ft=\"{&quot;tn&quot;:&quot;*N&quot;,&quot;type&quot;:104}\"><span class=\"_5afx\"><span class=\"_58cl _5afz\" aria-label=\"hashtag\">#<\/span><span class=\"_58cm\">racismo<\/span><\/span><\/a>\u00a0<a class=\"_58cn\" href=\"https:\/\/www.facebook.com\/hashtag\/racismon%C3%A3o?source=feed_text&amp;story_id=763047283895238\" data-ft=\"{&quot;tn&quot;:&quot;*N&quot;,&quot;type&quot;:104}\"><span class=\"_5afx\"><span class=\"_58cl _5afz\" aria-label=\"hashtag\">#<\/span><span class=\"_58cm\">racismon\u00e3o<\/span><\/span><\/a><\/span><\/p>\n<p>&nbsp;<\/p>\n","protected":false},"excerpt":{"rendered":"<p>Durante\u00a0 Audi\u00eancia P\u00fablica realizada nesta segunda-feira (29), na sede do MPGO, em Goi\u00e2nia. # Reaja \u00e0 Viol\u00eancia Racial Representante do Movimento Negro Unificado, Ieda Leal esteve nesta manh\u00e3 em audi\u00eancia com o procurador-geral de Justi\u00e7a, Benedito Torres Neto, para acompanhar investiga\u00e7\u00e3o sobre poss\u00edvel pr\u00e1tica de racismo em prova de concurso p\u00fablico de Morrinhos. \u2800 https:\/\/www.facebook.com\/MPdeGoias\/videos\/1591867357568537\/ [&hellip;]<\/p>\n","protected":false},"author":3,"featured_media":872,"comment_status":"open","ping_status":"open","sticky":false,"template":"","format":"standard","meta":{"footnotes":""},"categories":[9,7],"tags":[],"class_list":["post-869","post","type-post","status-publish","format-standard","has-post-thumbnail","hentry","category-destaque-2","category-racismo-no-mundo"],"_links":{"self":[{"href":"https:\/\/novo.mnu.org.br\/index.php?rest_route=\/wp\/v2\/posts\/869","targetHints":{"allow":["GET"]}}],"collection":[{"href":"https:\/\/novo.mnu.org.br\/index.php?rest_route=\/wp\/v2\/posts"}],"about":[{"href":"https:\/\/novo.mnu.org.br\/index.php?rest_route=\/wp\/v2\/types\/post"}],"author":[{"embeddable":true,"href":"https:\/\/novo.mnu.org.br\/index.php?rest_route=\/wp\/v2\/users\/3"}],"replies":[{"embeddable":true,"href":"https:\/\/novo.mnu.org.br\/index.php?rest_route=%2Fwp%2Fv2%2Fcomments&post=869"}],"version-history":[{"count":0,"href":"https:\/\/novo.mnu.org.br\/index.php?rest_route=\/wp\/v2\/posts\/869\/revisions"}],"wp:featuredmedia":[{"embeddable":true,"href":"https:\/\/novo.mnu.org.br\/index.php?rest_route=\/wp\/v2\/media\/872"}],"wp:attachment":[{"href":"https:\/\/novo.mnu.org.br\/index.php?rest_route=%2Fwp%2Fv2%2Fmedia&parent=869"}],"wp:term":[{"taxonomy":"category","embeddable":true,"href":"https:\/\/novo.mnu.org.br\/index.php?rest_route=%2Fwp%2Fv2%2Fcategories&post=869"},{"taxonomy":"post_tag","embeddable":true,"href":"https:\/\/novo.mnu.org.br\/index.php?rest_route=%2Fwp%2Fv2%2Ftags&post=869"}],"curies":[{"name":"wp","href":"https:\/\/api.w.org\/{rel}","templated":true}]}}