{"id":866,"date":"2018-01-23T09:08:21","date_gmt":"2018-01-23T11:08:21","guid":{"rendered":"http:\/\/mnu.org.br\/?p=866"},"modified":"2018-01-23T09:08:21","modified_gmt":"2018-01-23T11:08:21","slug":"mnu-em-defesa-da-democracia-e-pelo-direito-de-lula-ser-candidato","status":"publish","type":"post","link":"https:\/\/novo.mnu.org.br\/?p=866","title":{"rendered":"MNU em defesa da democracia e pelo direito de Lula ser candidato!"},"content":{"rendered":"<p>O MNU \u00e9 um movimento que sempre pautou sua atua\u00e7\u00e3o contra o racismo, na defesa do povo negro e na defesa da classe trabalhadora no Brasil. Ao longo dos nossos 40 anos de luta sempre estivemos ao lado daqueles e daquelas que lutam pelos mesmos ideais que defendemos e contra os desmandos \u201cdos de cima\u201d, a elite branca que explora diariamente negros e negras das piores formas. Essa mesma elite recentemente deu um golpe na nossa recente democracia ao depor uma presidente legitimamente eleita e agora procura tirar o ex-presidente Lula da disputa eleitoral de outubro.<\/p>\n<p>Durante s\u00e9culos n\u00f3s negros e negras fomos perseguidos pelo estado e pelo poder judici\u00e1rio que s\u00e3o permeados e absolutamente controlados pelos setores mais reacion\u00e1rios da nossa sociedade. A cada 23 minutos um jovem negro morre no pa\u00eds e nossa expectativa de vida \u00e9 muito menor que da popula\u00e7\u00e3o branca. Sentimos na carne nossos jovens que lotam as cadeias, a ampla maioria sem sequer um julgamento ou ent\u00e3o com um julgamento sum\u00e1rio e tendencioso.<\/p>\n<p>Atualmente tentam nos enfiar goela abaixo uma s\u00e9rie de reformas que ir\u00e3o atingir a popula\u00e7\u00e3o negra mais r\u00e1pido e mais forte. Os mesmos que tentam retirar nossos direitos n\u00e3o julgam A\u00e9cio Neves e Michel Temer, flagrados em \u00e1udios que evidenciam diferentes crimes. Eles seguem beneficiando-se da impunidade que protege os ricos. Por outro lado tentam se segurar no poder lan\u00e7ando m\u00e3o do autoritarismo judici\u00e1rio que t\u00e3o bem conhecemos. A condena\u00e7\u00e3o do presidente Lula nada mais \u00e9 do que uma pe\u00e7a nesse processo de ataques que vem desde o golpe de 2016.O MNU \u00e9 uma organiza\u00e7\u00e3o negra de esquerda que n\u00e3o \u00e9 ligada a um partido ou sigla, tendo entre seus membros filiados a diversos partidos e n\u00e3o filiados, portanto iremos escrever uma carta de princ\u00edpios aos candidatos e candidatas progressistas e de esquerda para que apoiemos e chamemos pro debate na base do movimento.<\/p>\n<p>O MNU combateu a ditadura civil-militar e lutou pela redemocratiza\u00e7\u00e3o desse pa\u00eds. Esteve presente nas lutas contra Collor e contra as privatiza\u00e7\u00f5es do governo FHC. Independente do que possa se dizer das alian\u00e7as do ex presidente Lula nos seus governos, sua condena\u00e7\u00e3o \u00e9 um ataque violento \u00e0 nossa j\u00e1 t\u00e3o fr\u00e1gil democracia, um banimento autorit\u00e1rio do jogo pol\u00edtico. N\u00e3o aceitaremos nenhum tipo de estreitamento do regime, nos posicionamos para que Lula possa ser candidato nas elei\u00e7\u00f5es de outubro de 2018.<\/p>\n<p>Estaremos ao lado da classe trabalhadora, defendendo os direitos do povo e lutando contra as for\u00e7as autorit\u00e1rias que matam nossa juventude e encarceram Rafael Braga e muitos outros diariamente: n\u00e3o podemos aceitar a criminaliza\u00e7\u00e3o sem provas, nem contra Lula, nem contra qualquer cidad\u00e3o ou cidad\u00e3!<\/p>\n<p>Vida longa ao MNU!<\/p>\n<p>Movimento Negro Unificado<\/p>\n","protected":false},"excerpt":{"rendered":"<p>O MNU \u00e9 um movimento que sempre pautou sua atua\u00e7\u00e3o contra o racismo, na defesa do povo negro e na defesa da classe trabalhadora no Brasil. Ao longo dos nossos 40 anos de luta sempre estivemos ao lado daqueles e daquelas que lutam pelos mesmos ideais que defendemos e contra os desmandos \u201cdos de cima\u201d, [&hellip;]<\/p>\n","protected":false},"author":3,"featured_media":857,"comment_status":"open","ping_status":"open","sticky":false,"template":"","format":"standard","meta":{"footnotes":""},"categories":[5],"tags":[],"class_list":["post-866","post","type-post","status-publish","format-standard","has-post-thumbnail","hentry","category-noticias"],"_links":{"self":[{"href":"https:\/\/novo.mnu.org.br\/index.php?rest_route=\/wp\/v2\/posts\/866","targetHints":{"allow":["GET"]}}],"collection":[{"href":"https:\/\/novo.mnu.org.br\/index.php?rest_route=\/wp\/v2\/posts"}],"about":[{"href":"https:\/\/novo.mnu.org.br\/index.php?rest_route=\/wp\/v2\/types\/post"}],"author":[{"embeddable":true,"href":"https:\/\/novo.mnu.org.br\/index.php?rest_route=\/wp\/v2\/users\/3"}],"replies":[{"embeddable":true,"href":"https:\/\/novo.mnu.org.br\/index.php?rest_route=%2Fwp%2Fv2%2Fcomments&post=866"}],"version-history":[{"count":0,"href":"https:\/\/novo.mnu.org.br\/index.php?rest_route=\/wp\/v2\/posts\/866\/revisions"}],"wp:featuredmedia":[{"embeddable":true,"href":"https:\/\/novo.mnu.org.br\/index.php?rest_route=\/wp\/v2\/media\/857"}],"wp:attachment":[{"href":"https:\/\/novo.mnu.org.br\/index.php?rest_route=%2Fwp%2Fv2%2Fmedia&parent=866"}],"wp:term":[{"taxonomy":"category","embeddable":true,"href":"https:\/\/novo.mnu.org.br\/index.php?rest_route=%2Fwp%2Fv2%2Fcategories&post=866"},{"taxonomy":"post_tag","embeddable":true,"href":"https:\/\/novo.mnu.org.br\/index.php?rest_route=%2Fwp%2Fv2%2Ftags&post=866"}],"curies":[{"name":"wp","href":"https:\/\/api.w.org\/{rel}","templated":true}]}}