{"id":851,"date":"2018-01-25T23:33:09","date_gmt":"2018-01-26T01:33:09","guid":{"rendered":"http:\/\/mnu.org.br\/?p=851"},"modified":"2018-01-25T23:33:09","modified_gmt":"2018-01-26T01:33:09","slug":"democracia-x-julgamento-politico-de-lula","status":"publish","type":"post","link":"https:\/\/novo.mnu.org.br\/?p=851","title":{"rendered":"Democracia x  julgamento pol\u00edtico de Lula"},"content":{"rendered":"<p>O MNU\u00a0 repudia a decis\u00e3o do TRF-4 que julgou politicamente e condenou de maneira arbitr\u00e1ria, arrogante e golpista o ex-presidente Luiz In\u00e1cio Lula da Silva, com a inten\u00e7\u00e3o deliberada de impedir a sua candidatura.<\/p>\n<p><!--more--><\/p>\n<p>&nbsp;<\/p>\n<p><img loading=\"lazy\" decoding=\"async\" class=\"size-medium wp-image-857 aligncenter\" src=\"http:\/\/mnu.org.br\/wp-content\/uploads\/2018\/01\/logo-MNU-296x300.jpg\" alt=\"\" width=\"296\" height=\"300\" srcset=\"https:\/\/novo.mnu.org.br\/wp-content\/uploads\/2018\/01\/logo-MNU-296x300.jpg 296w, https:\/\/novo.mnu.org.br\/wp-content\/uploads\/2018\/01\/logo-MNU.jpg 395w\" sizes=\"auto, (max-width: 296px) 100vw, 296px\" \/><\/p>\n<p>O Movimento Negro Unificado (MNU), organiza\u00e7\u00e3o nacional fundada em 1978, durante a ditadura militar, repudia a decis\u00e3o do TRF-4 que julgou politicamente e condenou de maneira arbitr\u00e1ria, arrogante e golpista o ex-presidente Luiz In\u00e1cio Lula da Silva, com a inten\u00e7\u00e3o deliberada de impedir a sua candidatura.<\/p>\n<p>Mais uma vez a elite de homens brancos manipula os poderes e fere a democracia. Viola direitos e mant\u00e9m o racismo institucional &#8211; mecanismo nefasto de exclus\u00e3o de povo negro das institui\u00e7\u00f5es judici\u00e1rias, legislativas e governamentais que comp\u00f5em o Estado brasileiro.<\/p>\n<p>A hegemonia da elite branca e machista sustentada em princ\u00edpios das oligarquias segregacionistas seculares novamente demonstrou frieza e pragmatismo ao montar uma farsa para condenar sem provas o maior s\u00edmbolo da retomada da democracia brasileira ap\u00f3s o golpe de 1964.<\/p>\n<p>O MNU abriu a sua agenda pol\u00edtica em 2018, ano que perfaz 40 anos de resist\u00eancia negra no Brasil, participando das mobiliza\u00e7\u00f5es em todo pa\u00eds em defesa da democracia e do Direito de Lula ser Candidato.<\/p>\n<p>Agora teremos o desafio de continuar a luta contra o racismo, garantir as candidaturas do campo democr\u00e1tico e popular. Lutar contra a criminaliza\u00e7\u00e3o dos movimentos sociais e pelo verdadeiro Estado Democr\u00e1tico de Direito combatendo a a\u00e7\u00e3o difamat\u00f3ria e politizada do poder judici\u00e1rio composto por reacion\u00e1rios de direita; essa postura \u00e9 antag\u00f4nica e contradit\u00f3ria a v\u00e1rias manifesta\u00e7\u00f5es de magistrados do direito nacional e internacional.<\/p>\n<p>Esse mesmo judici\u00e1rio se desfaz de suas atribui\u00e7\u00f5es legais em defender a cidadania quando permite que em cada 27 minutos um jovem negro seja assassinado \u2013 uma jovem negra entre 15 e 29 anos tem 2,19 mais chances de ser morta\u2013 e que, majoritariamente a nossa popula\u00e7\u00e3o esteja encarcerada em pres\u00eddios sucateados.<\/p>\n<p>Temos que continuar denunciando as supress\u00f5es de direitos sociais, civis e humanos do Governo de Michel Temer que representa o reformismo do Estado m\u00ednimo e de Exce\u00e7\u00e3o.<\/p>\n<p>Entre 13 milh\u00f5es de desempregados, 8,3 milh\u00f5es s\u00e3o negros.<\/p>\n<p>No \u00e2mbito internacional devemos ordenar um debate sobre racismo e geopol\u00edtica, denunciando as atrocidades raciais que assolam o Brasil, bem como a desterritorializa\u00e7\u00e3o dos povos africanos, acentua\u00e7\u00e3o da direita nazifascista e genoc\u00eddios de guerras promovidas pelo imperialismo em conflitos de interesses ditatoriais autorit\u00e1rios.<\/p>\n<p>A nossa trajet\u00f3ria de lutas sempre foi refer\u00eancia primordial de persist\u00eancia em denunciar a contra posi\u00e7\u00e3o negra ao poder institucional brasileiro que preserva os valores da supremacia comandada por um conluio corrupto da elite etnoc\u00eantrica. Temos que enfrentar diretamente os monop\u00f3lios de comunica\u00e7\u00e3o e ind\u00fastrias que est\u00e3o a servi\u00e7o dos financistas internacionais de capital especulativo e suas multinacionais.<\/p>\n<p>Nossa demanda \u00e9 construir uma agenda nacional de coaliz\u00f5es, e mobiliza\u00e7\u00f5es de desobedi\u00eancia civil organizada ao engodo de legalidade das institui\u00e7\u00f5es autorit\u00e1rias e racistas brasileiras.<\/p>\n<p>Pela democracia, contra o racismo; o MNU continuar\u00e1 a luta por um pa\u00eds verdadeiramente justo.<\/p>\n<p>Somos herdeiros de Zumbi e Dandara.<\/p>\n<p>Resistiremos a mais um golpe contra a democracia.<\/p>\n<p>25 de janeiro de 2018.<\/p>\n<p>Movimento Negro Unificado<\/p>\n","protected":false},"excerpt":{"rendered":"<p>O MNU\u00a0 repudia a decis\u00e3o do TRF-4 que julgou politicamente e condenou de maneira arbitr\u00e1ria, arrogante e golpista o ex-presidente Luiz In\u00e1cio Lula da Silva, com a inten\u00e7\u00e3o deliberada de impedir a sua candidatura.<\/p>\n","protected":false},"author":3,"featured_media":861,"comment_status":"open","ping_status":"open","sticky":false,"template":"","format":"standard","meta":{"footnotes":""},"categories":[8,5],"tags":[],"class_list":["post-851","post","type-post","status-publish","format-standard","has-post-thumbnail","hentry","category-destaque-1","category-noticias"],"_links":{"self":[{"href":"https:\/\/novo.mnu.org.br\/index.php?rest_route=\/wp\/v2\/posts\/851","targetHints":{"allow":["GET"]}}],"collection":[{"href":"https:\/\/novo.mnu.org.br\/index.php?rest_route=\/wp\/v2\/posts"}],"about":[{"href":"https:\/\/novo.mnu.org.br\/index.php?rest_route=\/wp\/v2\/types\/post"}],"author":[{"embeddable":true,"href":"https:\/\/novo.mnu.org.br\/index.php?rest_route=\/wp\/v2\/users\/3"}],"replies":[{"embeddable":true,"href":"https:\/\/novo.mnu.org.br\/index.php?rest_route=%2Fwp%2Fv2%2Fcomments&post=851"}],"version-history":[{"count":0,"href":"https:\/\/novo.mnu.org.br\/index.php?rest_route=\/wp\/v2\/posts\/851\/revisions"}],"wp:featuredmedia":[{"embeddable":true,"href":"https:\/\/novo.mnu.org.br\/index.php?rest_route=\/wp\/v2\/media\/861"}],"wp:attachment":[{"href":"https:\/\/novo.mnu.org.br\/index.php?rest_route=%2Fwp%2Fv2%2Fmedia&parent=851"}],"wp:term":[{"taxonomy":"category","embeddable":true,"href":"https:\/\/novo.mnu.org.br\/index.php?rest_route=%2Fwp%2Fv2%2Fcategories&post=851"},{"taxonomy":"post_tag","embeddable":true,"href":"https:\/\/novo.mnu.org.br\/index.php?rest_route=%2Fwp%2Fv2%2Ftags&post=851"}],"curies":[{"name":"wp","href":"https:\/\/api.w.org\/{rel}","templated":true}]}}