{"id":847,"date":"2017-10-27T13:06:50","date_gmt":"2017-10-27T15:06:50","guid":{"rendered":"http:\/\/mnu.org.br\/?p=847"},"modified":"2017-10-27T13:06:50","modified_gmt":"2017-10-27T15:06:50","slug":"representantes-do-movimento-negro-se-reunem-contra-o-racismo-em-brasilia","status":"publish","type":"post","link":"https:\/\/novo.mnu.org.br\/?p=847","title":{"rendered":"Representantes do movimento negro se re\u00fanem contra o racismo em Bras\u00edlia"},"content":{"rendered":"<p><strong>Congresso do Movimento Negro Unificado debate o racismo e os altos \u00edndices de assassinato de jovens pretos e pardos no Centro de Conven\u00e7\u00f5es<\/strong><\/p>\n<p>Cerca de 200 ativistas de 12 estados est\u00e3o em Bras\u00edlia nesta semana para o Congresso do Movimento Negro Unificado (MNU). O evento discute, especialmente, a viol\u00eancia que atinge a popula\u00e7\u00e3o negra no Brasil. De acordo com o Atlas da Viol\u00eancia divulgado pelo Instituto de Pesquisa Econ\u00f4mica Aplicada (Ipea) neste ano, 71% das pessoas assassinadas t\u00eam a pele preta ou parda. A abertura ocorre \u00e0s 19h30 desta sexta-feira (27\/10), e a entrada \u00e9 livre.<br \/>\n&#8220;Queremos ter um grande encontro nacional de jovens negros para discutir a viol\u00eancia que vem matando a juventude&#8221;, disse o coordenador-geral do MNU, Ivonei Pires. No ano passado, o\u00a0<strong>Correio Braziliense<\/strong>\u00a0publicou uma s\u00e9rie de reportagens sobre a mortalidade de negros no Distrito Federal. Um dado da Companhia de Planejamento (Codeplan) mostrou que a\u00a0maior parte das mortes de negros e jovens nas cidades do DF aconteceu por arma de fogo. Outro dado da pasta revelou que jovens de 21 anos pretos e pardos tinham\u00a0147% mais chances de morrerem assassinados.<\/p>\n<p>Al\u00e9m desse tema, outros debates abordar\u00e3o as causas LGBT, feminista, religiosa e sindicalista, em plen\u00e1rias fechadas aos delegados inscritos. Uma nova coordena\u00e7\u00e3o-geral do movimento ser\u00e1 eleita no encerramento do evento, marcado para a manh\u00e3 do domingo (29\/10).<\/p>\n<p><strong>Desemprego<\/strong><\/p>\n<p>O congresso debate, tamb\u00e9m, o abismo dos n\u00fameros de desemprego entre as popula\u00e7\u00f5es branca e negra no Brasil. Os dados mais recentes da Pesquisa Nacional por Amostra de Domic\u00edlios (Pnad) cont\u00ednua revelaram que, no \u00faltimo trimestre de 2016,\u00a0a taxa de pessoas sem ocupa\u00e7\u00e3o que se declararam de cor preta\u00a0atingiu 14,4%. Entre brancos, o \u00edndice ficou em 9%.<\/p>\n","protected":false},"excerpt":{"rendered":"<p>Congresso do Movimento Negro Unificado debate o racismo e os altos \u00edndices de assassinato de jovens pretos e pardos no Centro de Conven\u00e7\u00f5es Cerca de 200 ativistas de 12 estados est\u00e3o em Bras\u00edlia nesta semana para o Congresso do Movimento Negro Unificado (MNU). O evento discute, especialmente, a viol\u00eancia que atinge a popula\u00e7\u00e3o negra no [&hellip;]<\/p>\n","protected":false},"author":2,"featured_media":845,"comment_status":"open","ping_status":"open","sticky":false,"template":"","format":"standard","meta":{"footnotes":""},"categories":[7],"tags":[],"class_list":["post-847","post","type-post","status-publish","format-standard","has-post-thumbnail","hentry","category-racismo-no-mundo"],"_links":{"self":[{"href":"https:\/\/novo.mnu.org.br\/index.php?rest_route=\/wp\/v2\/posts\/847","targetHints":{"allow":["GET"]}}],"collection":[{"href":"https:\/\/novo.mnu.org.br\/index.php?rest_route=\/wp\/v2\/posts"}],"about":[{"href":"https:\/\/novo.mnu.org.br\/index.php?rest_route=\/wp\/v2\/types\/post"}],"author":[{"embeddable":true,"href":"https:\/\/novo.mnu.org.br\/index.php?rest_route=\/wp\/v2\/users\/2"}],"replies":[{"embeddable":true,"href":"https:\/\/novo.mnu.org.br\/index.php?rest_route=%2Fwp%2Fv2%2Fcomments&post=847"}],"version-history":[{"count":0,"href":"https:\/\/novo.mnu.org.br\/index.php?rest_route=\/wp\/v2\/posts\/847\/revisions"}],"wp:featuredmedia":[{"embeddable":true,"href":"https:\/\/novo.mnu.org.br\/index.php?rest_route=\/wp\/v2\/media\/845"}],"wp:attachment":[{"href":"https:\/\/novo.mnu.org.br\/index.php?rest_route=%2Fwp%2Fv2%2Fmedia&parent=847"}],"wp:term":[{"taxonomy":"category","embeddable":true,"href":"https:\/\/novo.mnu.org.br\/index.php?rest_route=%2Fwp%2Fv2%2Fcategories&post=847"},{"taxonomy":"post_tag","embeddable":true,"href":"https:\/\/novo.mnu.org.br\/index.php?rest_route=%2Fwp%2Fv2%2Ftags&post=847"}],"curies":[{"name":"wp","href":"https:\/\/api.w.org\/{rel}","templated":true}]}}