{"id":831,"date":"2017-11-06T12:32:52","date_gmt":"2017-11-06T14:32:52","guid":{"rendered":"http:\/\/mnu.org.br\/?p=831"},"modified":"2017-11-06T12:32:52","modified_gmt":"2017-11-06T14:32:52","slug":"20-de-novembro-dia-da-consciencia-negra","status":"publish","type":"post","link":"https:\/\/novo.mnu.org.br\/?p=831","title":{"rendered":"20 de novembro &#8211; Dia da Consci\u00eancia Negra"},"content":{"rendered":"<p class=\"p1\"><strong>MNU Convoca<\/strong><\/p>\n<p class=\"p1\">Vamos para as ruas. Vamos ocupar os espa\u00e7os p\u00fablicos de grande movimenta\u00e7\u00e3o deste pa\u00eds para protestar contra o racismo, contra a viol\u00eancia e lutar pelas nossas vidas.<\/p>\n<p class=\"p1\"><strong>A luta contra o racismo \u00e9 de toda a sociedade.<\/strong><\/p>\n<p class=\"p1\">Vamos reafirmar nas ruas, no 20 de novembro, a luta dos nossos ancestrais por liberdade, por uma sociedade verdadeiramente democr\u00e1tica e justa, por uma sociedade sem racismo.<\/p>\n<ul class=\"ul1\">\n<li class=\"li1\">Contra o racismo, a viol\u00eancia e pelo bem viver;<\/li>\n<li class=\"li1\">Contra o feminicidio;<\/li>\n<li class=\"li1\">Contra o exterm\u00ednio da juventude negra;<\/li>\n<li class=\"li1\">Pelo fim dos crit\u00e9rio racistas no mercado de trabalho;<\/li>\n<li class=\"li1\">Pelo direito ao culto religioso e pelo respeito \u00e0s religi\u00f5es de matriz africana. Pelo fim do racismo religioso com persegui\u00e7\u00f5es e ataques aos terreiros de candombl\u00e9 e umbanda;<\/li>\n<li class=\"li1\">Pelo direito das comunidades quilombolas \u00e0 terra e a cidadania;<\/li>\n<li class=\"li1\">Pelo fim da viol\u00eancia contra a popula\u00e7\u00e3o LGBT;<\/li>\n<li class=\"li1\">Pela afirma\u00e7\u00e3o da cultura de matriz africana e o combate a sua folcloriza\u00e7\u00e3o;<\/li>\n<li class=\"li1\">Pela criminaliza\u00e7\u00e3o da farsa de autodeclara\u00e7\u00e3o no sistema de cotas raciais.<\/li>\n<\/ul>\n<p class=\"p1\"><strong>MNU rumo aos 40 anos de resist\u00eancia de negras e negros contra o racismo e o sexismo.<\/strong><\/p>\n<ul class=\"ul2\">\n<li class=\"li1\">Enfrentando o desmonte do Estado Brasileiro!<\/li>\n<li class=\"li1\">Contra o autoritarismo<span class=\"Apple-converted-space\">\u00a0 <\/span>e o racismo que crescem no pa\u00eds.<\/li>\n<li class=\"li1\">Contra o discurso de \u00f3dio e de viol\u00eancia.<\/li>\n<li class=\"li1\">Por repara\u00e7\u00f5es!<\/li>\n<li class=\"li1\">Combatendo os racistas, machistas, sexistas, lgbtf\u00f3bicos e todas as formas de discrimina\u00e7\u00e3o!<\/li>\n<\/ul>\n","protected":false},"excerpt":{"rendered":"<p>MNU Convoca Vamos para as ruas. Vamos ocupar os espa\u00e7os p\u00fablicos de grande movimenta\u00e7\u00e3o deste pa\u00eds para protestar contra o racismo, contra a viol\u00eancia e lutar pelas nossas vidas. A luta contra o racismo \u00e9 de toda a sociedade. Vamos reafirmar nas ruas, no 20 de novembro, a luta dos nossos ancestrais por liberdade, por [&hellip;]<\/p>\n","protected":false},"author":2,"featured_media":832,"comment_status":"open","ping_status":"open","sticky":false,"template":"","format":"standard","meta":{"footnotes":""},"categories":[5],"tags":[],"class_list":["post-831","post","type-post","status-publish","format-standard","has-post-thumbnail","hentry","category-noticias"],"_links":{"self":[{"href":"https:\/\/novo.mnu.org.br\/index.php?rest_route=\/wp\/v2\/posts\/831","targetHints":{"allow":["GET"]}}],"collection":[{"href":"https:\/\/novo.mnu.org.br\/index.php?rest_route=\/wp\/v2\/posts"}],"about":[{"href":"https:\/\/novo.mnu.org.br\/index.php?rest_route=\/wp\/v2\/types\/post"}],"author":[{"embeddable":true,"href":"https:\/\/novo.mnu.org.br\/index.php?rest_route=\/wp\/v2\/users\/2"}],"replies":[{"embeddable":true,"href":"https:\/\/novo.mnu.org.br\/index.php?rest_route=%2Fwp%2Fv2%2Fcomments&post=831"}],"version-history":[{"count":0,"href":"https:\/\/novo.mnu.org.br\/index.php?rest_route=\/wp\/v2\/posts\/831\/revisions"}],"wp:featuredmedia":[{"embeddable":true,"href":"https:\/\/novo.mnu.org.br\/index.php?rest_route=\/wp\/v2\/media\/832"}],"wp:attachment":[{"href":"https:\/\/novo.mnu.org.br\/index.php?rest_route=%2Fwp%2Fv2%2Fmedia&parent=831"}],"wp:term":[{"taxonomy":"category","embeddable":true,"href":"https:\/\/novo.mnu.org.br\/index.php?rest_route=%2Fwp%2Fv2%2Fcategories&post=831"},{"taxonomy":"post_tag","embeddable":true,"href":"https:\/\/novo.mnu.org.br\/index.php?rest_route=%2Fwp%2Fv2%2Ftags&post=831"}],"curies":[{"name":"wp","href":"https:\/\/api.w.org\/{rel}","templated":true}]}}