{"id":828,"date":"2017-10-06T12:31:24","date_gmt":"2017-10-06T15:31:24","guid":{"rendered":"http:\/\/mnu.org.br\/?p=828"},"modified":"2017-10-06T12:31:24","modified_gmt":"2017-10-06T15:31:24","slug":"xviii-congresso-nacional-do-mnu-vem-ai","status":"publish","type":"post","link":"https:\/\/novo.mnu.org.br\/?p=828","title":{"rendered":"XVIII CONGRESSO NACIONAL DO MNU VEM A\u00cd"},"content":{"rendered":"<p>Bras\u00edlia vai receber de 27 a 29 de outubro, do corrente ano, a milit\u00e2ncia nacional do Movimento \u00a0Negro Unificado, conhecido como MNU, \u00a0no seu XVIII Congresso Nacional do Movimento Negro Unificado.<\/p>\n<p>Com o tema \u201cRumo aos 40 anos de empoderamento de negras e negros &#8211; Nos passos de L\u00e9lia Gonzalez\u201d ser\u00e1 realizado no Centro de Conven\u00e7\u00f5es Ulysses Guimar\u00e3es, Audit\u00f3rio \u00c1guas Claras e nas Salas Modul\u00e1veis no. 1\u00ba. Andar \u2013 M7 a M12, que fica no Eixo Monumental.<\/p>\n<p>Este Congresso al\u00e9m de ser\u00a0 preparat\u00f3rio para as\u00a0 \u00a0suas quatro d\u00e9cadas de funda\u00e7\u00e3o, \u00a0ser\u00e1 um marco para debater e tirar o Plano de Lutas do MNU, para a gest\u00e3o de 2017 a 2020 diante da atual conjuntura nacional do nosso pa\u00eds, de retrocessos, descumprimento constitucional, de falta de perspectivas e esperan\u00e7a de dias melhores para a sociedade brasileira e, principalmente, para a popula\u00e7\u00e3o negra.<\/p>\n<p>S\u00e3o\u00a0 medidas \u00a0promovidas por este Governo ileg\u00edtimo,\u00a0 corrupto, racista, machista, homof\u00f3bico e aprovadas pelo o Congresso Nacional, na maioria de homens, brancos e ricos. Numa demonstra\u00e7\u00e3o de indigna\u00e7\u00e3o e revolta do povo brasileiro, seu \u00a0baixo \u00edndice de aceita\u00e7\u00e3o da popula\u00e7\u00e3o brasileira \u00e9 resultado dos retrocessos por meio de a\u00e7\u00f5es golpistas como a reforma Trabalhista e a Terceiriza\u00e7\u00e3o. A caminho as das Previd\u00eancia e \u00a0Pol\u00edtica.\u00a0 Juntas s\u00e3o o desmonte do estado m\u00ednimo de direitos, ferindo frontalmente a nossa democracia, conquistada com a luta do seu povo.<\/p>\n<p>A popula\u00e7\u00e3o negra, de ponta a ponta, ficar\u00e1 mais vulner\u00e1vel perante \u00e0 redu\u00e7\u00e3o das vagas no mercado de trabalho: da viol\u00eancia policial di\u00e1ria contra jovens negros, os alvos, considerada um exterm\u00ednio onde as fam\u00edlias, principalmente as m\u00e3es, s\u00e3o v\u00edtimas pela perda dos seus filhos, na maioria numa faixa et\u00e1ria\u00a0 de\u00a0 15 a 19 anos. A redu\u00e7\u00e3o da idade penal, o fim do Autoresist\u00eancia, configuram o afrontamento ao direito de ir e vir.<\/p>\n<p>Historicamente v\u00edtimas do racismo institucional e com grande vulnerabilidade s\u00f3cio-econ\u00f4mica, os negros e as negras s\u00e3o os mais atingidos brutalmente pela extin\u00e7\u00e3o, redu\u00e7\u00e3o e cortes dr\u00e1sticos dos recursos do Or\u00e7amento brasileiro que visa o empresariado.<\/p>\n<p>Em rela\u00e7\u00e3o \u00e0s a\u00e7\u00f5es afirmativas \u00e9tnico-raciais, com a falta total de compromissos com a igualdade de direitos est\u00e3o sob amea\u00e7as constantes de extin\u00e7\u00e3o. Como cotas raciais, assist\u00eancia aos estudantes negros e negras e ind\u00edgenas, no ensino superior. Cotas para os concursos p\u00fablicos, que est\u00e3o cancelados.\u00a0 A implementa\u00e7\u00e3o da Lei 10.639\/2003, que n\u00e3o decolou como o necess\u00e1rio, agora est\u00e1 cada vez mais distante. E ainda a\u00a0 ado\u00e7\u00e3o do programa Escola sem Partido, que visa calar as vozes dos professores e alunos, num projeto pol\u00edtico-pedag\u00f3gico, que cercea o\u00a0 debate da diversidade cultural, racial e de g\u00eanero.<\/p>\n<p>O arquivamento da Pol\u00edtica Nacional da Sa\u00fade da Popula\u00e7\u00e3o Negra, de responsabilidade do Minist\u00e9rio da Sa\u00fade, que deveria ser implementada pelos estados e munic\u00edpios, na garantia da qualidade de vida e autonomia \u00e0s mulheres negras que s\u00e3o humilhadas, ignoradas e rejeitadas pelos programas de sa\u00fade p\u00fablica. Acabar com o SUS \u00e9 retirar direitos da popula\u00e7\u00e3o brasileira mais desamparada de pol\u00edticas p\u00fablicas.<\/p>\n<p>No Judici\u00e1rio, adiada pela terceira vez a ADI das comunidades quilombolas, prejudicando fam\u00edlias que est\u00e3o sofrendo, morrendo nos Quilombos do Brasil afora, pela falta do cumprimento constitucional da titularidade das terras de negros e negras que constru\u00edram este Pa\u00eds e\u00a0 que ocupam muitas h\u00e1 mais de 100 anos, sem pol\u00edticas p\u00fablicas de sa\u00fade, educacional, cultural e seguran\u00e7a alimentar.<\/p>\n<p>\u00c0s v\u00e9speras do XVIII Congresso Nacional do MNU, negras e negros, s\u00e3o violentados pela legaliza\u00e7\u00e3o\u00a0 da Lei do Trabalho Escravo. Os\u00a0\u00a0 terreiros, il\u00eas de religiosidade de matrizes africana e afro-brasileira s\u00e3o invadidos, depredados, estabelecendo uma rela\u00e7\u00e3o de terror e \u00f3dio racial.\u00a0 Sem quem ningu\u00e9m seja responsabilizado judicialmente. Den\u00fancias e mais den\u00fancias e nada muda. S\u00f3 acirra o racismo.<\/p>\n<p>Mulheres negras, segundo o Mapa da Viol\u00eancia, s\u00e3o mortas pelo feminic\u00eddio (crime praticado por companheiros, maridos, namorados) com motiva\u00e7\u00e3o diversa e de torturas, estupros.<\/p>\n<p>Jovens negros e negras \u00a0s\u00e3o executados, assassinados diariamente, simplesmente numa\u00a0 comemora\u00e7\u00e3o do trabalho novo, de \u00a0ir a um baile de hip hop, funk. E em nome da autoresist\u00eancia s\u00e3o alvejados sem piedade e direito de defesa.<\/p>\n<p>Fam\u00edlias destra\u00e7adas. Clamam pela justi\u00e7a. Ningu\u00e9m preso. Se condenados obt\u00eam tratamento psicol\u00f3gico, afastados das fun\u00e7\u00f5es. Mas n\u00e3o perdem sal\u00e1rios e nem benesses.<\/p>\n<p>Na m\u00eddia, no\u00a0 campo da comunica\u00e7\u00e3o, sil\u00eancio total.\u00a0 Predomina a nossa invisibilidade como fonte, refer\u00eancias, na constru\u00e7\u00e3o das pautas, editoriais e reportagens. Por esta imprensa burguesa, elitista, racista, machista e homof\u00f3bica. Na \u00e1rea da publicidade, empresas internacionais como a Dove, recentemente,\u00a0 estampa pe\u00e7a publicit\u00e1ria que induz que o padr\u00e3o de beleza \u00e9 o padr\u00e3o europeu, branco. Que o sabonete vai embraquecer e assim a mulher negra ficar\u00e1 &#8220;linda&#8221;. Agredindo a identidade negra de empoderamento da mulher negra.<\/p>\n<p>As redes sociais s\u00e3o espa\u00e7os democr\u00e1ticos por um lado onde pode-se usar para denunciar, mobilizar e organizar a luta de combate ao racismo e promo\u00e7\u00e3o da igualdade racial. Mas tamb\u00e9m um espa\u00e7o de \u00f3dio racial contra principalmente as mulheres negras. Casos que chegam \u00e0 m\u00eddia, \u00a0configurado como racismo, e n\u00e3o inj\u00faria racial, recentemente que foram v\u00edtimas jornalistas e artistas negras.<\/p>\n<p>Participar e divulgar a campanha Calar Jamais! Partilhar casos e dribles \u00e0 viola\u00e7\u00e3o do direito \u00e0 liberdade de express\u00e3o.<\/p>\n<p>Dizer N\u00e3o ao absurdo da medida do Governo de S\u00e3o Paulo, de implementar \u00e0 Ra\u00e7\u00e3o Humana para os pobres.\u00a0 Amea\u00e7a se tornar uma lei nacional de combate \u00e0 fome. Este projeto j\u00e1 foi aprovado na C\u00e2mara dos Deputados e tramita no Senado.<\/p>\n<p>\u00c9 uma demonstra\u00e7\u00e3o truculenta da perda de direitos e oportunidades. Com o aval da elite brasileira, por meio dos cl\u00e3s que comp\u00f5em a classe pol\u00edtica brasileira, que t\u00eam compromisso com o status quo para a\u00a0 manuten\u00e7\u00e3o de seus privil\u00e9gios.<\/p>\n<p>Por tudo isso, o MNU durante a sua programa\u00e7\u00e3o, estar\u00e1 expressando o seu BASTA \u00e0s viol\u00eancias f\u00edsica, psicol\u00f3gica e mental que vive e viver\u00e1 com esta falta de pol\u00edticas p\u00fablicas espec\u00edficas para a sobreviv\u00eancia da popula\u00e7\u00e3o negra.<\/p>\n<p>LUTAR PELO BEM-VIVER.<\/p>\n<p>Programa\u00e7\u00e3o (a completar)<\/p>\n<p>27\/10 &#8211; 19h30 &#8211; Abertura Pol\u00edtica<\/p>\n<p>28\/10 &#8211; 9h \u00e0s 18h &#8211; GTs Eixos Tem\u00e1ticos Sindicalistas, Mulheres, Religiosidade, LGBT e Juventude para a elabora\u00e7\u00e3o do Plano de Lutas<\/p>\n<p>29\/10 &#8211; 9h &#8211; Plen\u00e1ria Final e Elei\u00e7\u00e3o da Coordena\u00e7\u00e3o Nacional do MNU \u2013 2017 a 2020<\/p>\n","protected":false},"excerpt":{"rendered":"<p>Bras\u00edlia vai receber de 27 a 29 de outubro, do corrente ano, a milit\u00e2ncia nacional do Movimento \u00a0Negro Unificado, conhecido como MNU, \u00a0no seu XVIII Congresso Nacional do Movimento Negro Unificado. Com o tema \u201cRumo aos 40 anos de empoderamento de negras e negros &#8211; Nos passos de L\u00e9lia Gonzalez\u201d ser\u00e1 realizado no Centro de [&hellip;]<\/p>\n","protected":false},"author":2,"featured_media":829,"comment_status":"open","ping_status":"open","sticky":false,"template":"","format":"standard","meta":{"footnotes":""},"categories":[5],"tags":[],"class_list":["post-828","post","type-post","status-publish","format-standard","has-post-thumbnail","hentry","category-noticias"],"_links":{"self":[{"href":"https:\/\/novo.mnu.org.br\/index.php?rest_route=\/wp\/v2\/posts\/828","targetHints":{"allow":["GET"]}}],"collection":[{"href":"https:\/\/novo.mnu.org.br\/index.php?rest_route=\/wp\/v2\/posts"}],"about":[{"href":"https:\/\/novo.mnu.org.br\/index.php?rest_route=\/wp\/v2\/types\/post"}],"author":[{"embeddable":true,"href":"https:\/\/novo.mnu.org.br\/index.php?rest_route=\/wp\/v2\/users\/2"}],"replies":[{"embeddable":true,"href":"https:\/\/novo.mnu.org.br\/index.php?rest_route=%2Fwp%2Fv2%2Fcomments&post=828"}],"version-history":[{"count":0,"href":"https:\/\/novo.mnu.org.br\/index.php?rest_route=\/wp\/v2\/posts\/828\/revisions"}],"wp:featuredmedia":[{"embeddable":true,"href":"https:\/\/novo.mnu.org.br\/index.php?rest_route=\/wp\/v2\/media\/829"}],"wp:attachment":[{"href":"https:\/\/novo.mnu.org.br\/index.php?rest_route=%2Fwp%2Fv2%2Fmedia&parent=828"}],"wp:term":[{"taxonomy":"category","embeddable":true,"href":"https:\/\/novo.mnu.org.br\/index.php?rest_route=%2Fwp%2Fv2%2Fcategories&post=828"},{"taxonomy":"post_tag","embeddable":true,"href":"https:\/\/novo.mnu.org.br\/index.php?rest_route=%2Fwp%2Fv2%2Ftags&post=828"}],"curies":[{"name":"wp","href":"https:\/\/api.w.org\/{rel}","templated":true}]}}