{"id":1286,"date":"2019-04-08T23:14:06","date_gmt":"2019-04-09T02:14:06","guid":{"rendered":"http:\/\/mnu.org.br\/?p=1286"},"modified":"2019-04-08T23:14:06","modified_gmt":"2019-04-09T02:14:06","slug":"1286-2","status":"publish","type":"post","link":"https:\/\/novo.mnu.org.br\/?p=1286","title":{"rendered":""},"content":{"rendered":"<blockquote><p>Vivemos, al\u00e9m do apartheid, uma guerra racial antinegros neste pais&#8221;. 80 tiros em pessoas desarmadas \u00e9 massacre. Lutaremos contra esta pol\u00edtica de Estado e das elites, de exterm\u00ednio do povo negro.<\/p><\/blockquote>\n<p><!--more--><\/p>\n<p style=\"text-align: left;\"><strong>BASTA ! <\/strong>NOTA DE REP\u00daDIO &#8211; MOVIMENTO NEGRO UNIFICADO<\/p>\n<p style=\"text-align: left;\"><strong><br \/>\n<\/strong><strong>M A S S A C R E!<\/strong> COM 80 \u00a0TIROS O EX\u00c9RCITO FUZILOU UMA FAM\u00cdLIA NEGRA\u00a0 E MATOU EVALDO DOS SANTOS ROSA<\/p>\n<p>\u201cBasta! Mais um crime b\u00e1rbaro neste domingo, dia 7 de abril de 2019, o Ex\u00e9rcito Brasileiro disparou 80 tiros contra um carro em que estavam negros inocentes, desmantelando uma fam\u00edlia e demonstrando, mais uma vez, que o alvo do racismo institucional \u00e9 o povo negro!\u201d<\/p>\n<p>O Ex\u00e9rcito Brasileiro assassinou o pai de fam\u00edlia, Evaldo dos Santos Rosa, 51 anos, em Guadalupe, Zona Norte do Rio de Janeiro. \u00a0A vi\u00fava, Luciana Nogueira, conta que seu filho, de 7 anos, est\u00e1 em estado de choque e seu sogro, que tamb\u00e9m foi atingido pelos tiros, est\u00e1 hospitalizado. Luciana disse que os militares debocharam e n\u00e3o prestaram ajuda.<\/p>\n<p>Em 1978, h\u00e1 40 anos, durante a ditadura militar, na sua funda\u00e7\u00e3o, o Movimento Negro Unificado (MNU) denunciou um caso de viol\u00eancia policial, resultado de torturas e p\u00e9ssimas condi\u00e7\u00f5es carcer\u00e1rias que resultou na morte de Robinson Silveira da Luz, nas depend\u00eancias do 44\u00ba Distrito de Guaianazes, em S\u00e3o Paulo.<\/p>\n<p>Nas Escadarias do Teatro Municipal de S\u00e3o Paulo, um ato p\u00fablico mobilizou centenas de manifestantes, e tamb\u00e9m foi denunciado o caso grave de discrimina\u00e7\u00e3o racial sofrido por quatro garotos do time juvenil de voleibol do Clube de Regatas do Tiet\u00ea.<\/p>\n<p>Ap\u00f3s quatro d\u00e9cadas, continuamos convivendo com a banaliza\u00e7\u00e3o do assassinato de pessoas negras. A cada 26 minutos, sem qualquer como\u00e7\u00e3o nacional, um jovem negro \u00e9 assassinado no Brasil. \u00a0 E a sociedade brasileira? Como reage diante do genoc\u00eddio da popula\u00e7\u00e3o negra? S\u00e3o 115 milh\u00f5es de habitantes, a maioria da popula\u00e7\u00e3o brasileira, no segundo pa\u00eds mais negro do mundo depois da Nig\u00e9ria!<\/p>\n<p>&#8220;Vivemos, al\u00e9m do apartheid, uma guerra racial antinegros neste pais&#8221;. 80 tiros em pessoas desarmadas \u00e9 massacre. Lutaremos contra esta pol\u00edtica de Estado e das elites, de exterm\u00ednio do povo negro. O escravismo serviu para explorar a m\u00e3o de obra africana que construiu a ferro e fogo este pa\u00eds. \u00c0 custa do sangue derramado das popula\u00e7\u00f5es negra e ind\u00edgena, o poder econ\u00f4mico, pol\u00edtico, social e institucional, concentrado nas m\u00e3os de uma elite branca, demonstra sua viol\u00eancia e trucul\u00eancia.<\/p>\n<p>Neste momento, a situa\u00e7\u00e3o agrava-se. O governo do presidente Jair Bolsonaro investe na segrega\u00e7\u00e3o pelo exterm\u00ednio da sua pr\u00f3pria popula\u00e7\u00e3o, liberando o porte de armas como solu\u00e7\u00e3o para a seguran\u00e7a p\u00fablica.<\/p>\n<p>Quem ter\u00e1 o porte? \u00a0 Quem ser\u00e3o as v\u00edtimas?<\/p>\n<p>Reivindicamos a apura\u00e7\u00e3o ampla e imediata do fuzilamento de Evaldo Rosa pelos \u00f3rg\u00e3os competentes da justi\u00e7a comum e organiza\u00e7\u00f5es em defesa do Estado Democr\u00e1tico de Direito. Vamos fortalecer as manifesta\u00e7\u00f5es p\u00fablicas e denunciar internacionalmente os crimes de racismo no Brasil.<\/p>\n<p>&nbsp;<\/p>\n<p><strong>O MNU na luta contra o racismo.\u00a0Exigimos justi\u00e7a!<\/strong><\/p>\n<p><strong>Reaja \u00e0 Viol\u00eancia Racial\u00a0<\/strong><\/p>\n<p><strong>Contra o Genoc\u00eddio da Popula\u00e7\u00e3o Neg<\/strong>ra<\/p>\n<p>&nbsp;<\/p>\n<p>Brasil, 8 de abril de 2019.<\/p>\n<p>&nbsp;<\/p>\n<p>&nbsp;<\/p>\n","protected":false},"excerpt":{"rendered":"<p>Vivemos, al\u00e9m do apartheid, uma guerra racial antinegros neste pais&#8221;. 80 tiros em pessoas desarmadas \u00e9 massacre. Lutaremos contra esta pol\u00edtica de Estado e das elites, de exterm\u00ednio do povo negro.<\/p>\n","protected":false},"author":3,"featured_media":1287,"comment_status":"open","ping_status":"open","sticky":false,"template":"","format":"standard","meta":{"footnotes":""},"categories":[5],"tags":[],"class_list":["post-1286","post","type-post","status-publish","format-standard","has-post-thumbnail","hentry","category-noticias"],"_links":{"self":[{"href":"https:\/\/novo.mnu.org.br\/index.php?rest_route=\/wp\/v2\/posts\/1286","targetHints":{"allow":["GET"]}}],"collection":[{"href":"https:\/\/novo.mnu.org.br\/index.php?rest_route=\/wp\/v2\/posts"}],"about":[{"href":"https:\/\/novo.mnu.org.br\/index.php?rest_route=\/wp\/v2\/types\/post"}],"author":[{"embeddable":true,"href":"https:\/\/novo.mnu.org.br\/index.php?rest_route=\/wp\/v2\/users\/3"}],"replies":[{"embeddable":true,"href":"https:\/\/novo.mnu.org.br\/index.php?rest_route=%2Fwp%2Fv2%2Fcomments&post=1286"}],"version-history":[{"count":0,"href":"https:\/\/novo.mnu.org.br\/index.php?rest_route=\/wp\/v2\/posts\/1286\/revisions"}],"wp:featuredmedia":[{"embeddable":true,"href":"https:\/\/novo.mnu.org.br\/index.php?rest_route=\/wp\/v2\/media\/1287"}],"wp:attachment":[{"href":"https:\/\/novo.mnu.org.br\/index.php?rest_route=%2Fwp%2Fv2%2Fmedia&parent=1286"}],"wp:term":[{"taxonomy":"category","embeddable":true,"href":"https:\/\/novo.mnu.org.br\/index.php?rest_route=%2Fwp%2Fv2%2Fcategories&post=1286"},{"taxonomy":"post_tag","embeddable":true,"href":"https:\/\/novo.mnu.org.br\/index.php?rest_route=%2Fwp%2Fv2%2Ftags&post=1286"}],"curies":[{"name":"wp","href":"https:\/\/api.w.org\/{rel}","templated":true}]}}