{"id":1257,"date":"2019-03-21T18:14:00","date_gmt":"2019-03-21T21:14:00","guid":{"rendered":"http:\/\/mnu.org.br\/?p=1257"},"modified":"2019-03-21T18:14:00","modified_gmt":"2019-03-21T21:14:00","slug":"21-de-marco-dia-internacional-de-luta-pela-eliminacao-da-discriminacao-racial","status":"publish","type":"post","link":"https:\/\/novo.mnu.org.br\/?p=1257","title":{"rendered":"21 de Mar\u00e7o &#8211; Dia Internacional de Luta pela Elimina\u00e7\u00e3o da Discrimina\u00e7\u00e3o Racial"},"content":{"rendered":"<p>Pelas 69 pessoas assassinadas no Massacre de Sharpeville (1960,\u00c1frica do Sul),\u00a0 por todas as vitimas dos crimes de racismo no Brasil e no mundo, o MNU est\u00e1 h\u00e1 40 anos na luta. Resistimos com os olhos e o esp\u00edrito voltados para \u00c1frica e em permanente combate contra a viol\u00eancia racial que a popula\u00e7\u00e3o negra \u00e9 submetida a cada minuto nesse pa\u00eds.<\/p>\n<p>#MNU 40 anos de Luta contra o racismo!<\/p>\n<p>A LUTA CONTINUA !!!<\/p>\n<p>Brasil, 21 de Mar\u00e7o de 2019.<\/p>\n<p><strong>Movimento Negro Unificado<\/strong><\/p>\n<p>&nbsp;<\/p>\n<p><!--more--><\/p>\n<p><strong>Hist\u00f3rico &#8211; Dia Internacional de Luta pela Elimina\u00e7\u00e3o da Discrimina\u00e7\u00e3o Racial<\/strong><\/p>\n<p>O Dia Internacional contra a Discrimina\u00e7\u00e3o Racial foi criado pela Organiza\u00e7\u00e3o das Na\u00e7\u00f5es Unidas (ONU), em mem\u00f3ria ao\u00a0<strong>\u201cMassacre de Shaperville\u201d<\/strong>, em 21 de mar\u00e7o de 1960.<\/p>\n<p>Nesta data, aproximadamente vinte mil pessoas protestavam contra a \u201clei do passe\u201d, em Joanesburgo, na \u00c1frica do Sul. Esta lei obrigava os negros a andarem com identifica\u00e7\u00f5es que limitavam os locais por onde poderiam circular dentro da cidade.<\/p>\n<p>Tropas militares do Apartheid atacaram os manifestantes e mataram 69 pessoas, al\u00e9m de ferir uma centena de outras.<\/p>\n<p>Em homenagem \u00e0 luta e mem\u00f3ria desses manifestantes, o Dia Internacional contra a Discrimina\u00e7\u00e3o Racial \u00e9 comemorado em 21 de mar\u00e7o.<\/p>\n","protected":false},"excerpt":{"rendered":"<p>Pelas 69 pessoas assassinadas no Massacre de Sharpeville (1960,\u00c1frica do Sul),\u00a0 por todas as vitimas dos crimes de racismo no Brasil e no mundo, o MNU est\u00e1 h\u00e1 40 anos na luta. Resistimos com os olhos e o esp\u00edrito voltados para \u00c1frica e em permanente combate contra a viol\u00eancia racial que a popula\u00e7\u00e3o negra \u00e9 [&hellip;]<\/p>\n","protected":false},"author":3,"featured_media":1258,"comment_status":"open","ping_status":"open","sticky":false,"template":"","format":"standard","meta":{"footnotes":""},"categories":[5],"tags":[],"class_list":["post-1257","post","type-post","status-publish","format-standard","has-post-thumbnail","hentry","category-noticias"],"_links":{"self":[{"href":"https:\/\/novo.mnu.org.br\/index.php?rest_route=\/wp\/v2\/posts\/1257","targetHints":{"allow":["GET"]}}],"collection":[{"href":"https:\/\/novo.mnu.org.br\/index.php?rest_route=\/wp\/v2\/posts"}],"about":[{"href":"https:\/\/novo.mnu.org.br\/index.php?rest_route=\/wp\/v2\/types\/post"}],"author":[{"embeddable":true,"href":"https:\/\/novo.mnu.org.br\/index.php?rest_route=\/wp\/v2\/users\/3"}],"replies":[{"embeddable":true,"href":"https:\/\/novo.mnu.org.br\/index.php?rest_route=%2Fwp%2Fv2%2Fcomments&post=1257"}],"version-history":[{"count":0,"href":"https:\/\/novo.mnu.org.br\/index.php?rest_route=\/wp\/v2\/posts\/1257\/revisions"}],"wp:featuredmedia":[{"embeddable":true,"href":"https:\/\/novo.mnu.org.br\/index.php?rest_route=\/wp\/v2\/media\/1258"}],"wp:attachment":[{"href":"https:\/\/novo.mnu.org.br\/index.php?rest_route=%2Fwp%2Fv2%2Fmedia&parent=1257"}],"wp:term":[{"taxonomy":"category","embeddable":true,"href":"https:\/\/novo.mnu.org.br\/index.php?rest_route=%2Fwp%2Fv2%2Fcategories&post=1257"},{"taxonomy":"post_tag","embeddable":true,"href":"https:\/\/novo.mnu.org.br\/index.php?rest_route=%2Fwp%2Fv2%2Ftags&post=1257"}],"curies":[{"name":"wp","href":"https:\/\/api.w.org\/{rel}","templated":true}]}}