{"id":1248,"date":"2019-02-20T20:53:23","date_gmt":"2019-02-20T23:53:23","guid":{"rendered":"http:\/\/mnu.org.br\/?p=1248"},"modified":"2019-02-20T20:53:23","modified_gmt":"2019-02-20T23:53:23","slug":"mae-de-jovem-asfixiado-entra-com-representacao-por-lesao-corporal","status":"publish","type":"post","link":"https:\/\/novo.mnu.org.br\/?p=1248","title":{"rendered":"M\u00e3e de jovem asfixiado entra com representa\u00e7\u00e3o por les\u00e3o corporal"},"content":{"rendered":"<hgroup>\n<h5>A m\u00e3e de Pedro Henrique Gonzaga, Dinalva de Oliveira, compareceu hoje (20) \u00e0 Delegacia de Homic\u00eddios, na Barra da Tijuca. Ela foi formalizar uma representa\u00e7\u00e3o de les\u00e3o corporal contra o seguran\u00e7a Davi Ricardo Moreira Am\u00e2ncio, acusado da morte de Pedro, por imobiliza\u00e7\u00e3o seguida de asfixia, numa filial do supermercado Extra.<\/h5>\n<\/hgroup>\n<div id=\"HOTWordsTxt\">\n<div id=\"fee-content--full\">\n<p class=\"texto\">Segundo o advogado da fam\u00edlia, Marcello Ramalho, ela disse no depoimento que foi empurrada pelo seguran\u00e7a quando tentou separar a briga e ficou com o bra\u00e7o machucado. Ontem (19), ela fez exame de corpo delito no Instituto M\u00e9dico Legal (IML).<\/p>\n<p class=\"Left\">Protesto contra o assassinato de Pedro Gonzaga, realizado na regi\u00c3\u00a3o do supermercado Extra, localizado na Avenida das Am\u00c3\u00a9ricas no Rio de Janeiro (RJ), neste domingo (17). Pedro morreu ap\u00c3\u00b3s ser sufocado por um seguran\u00c3\u00a7a do supermercado Extra. Os manifestantes carregavam cartazes &#8220;Vidas negras importam&#8221; e &#8220;A carne mais barata do mercado \u00c3\u00a9 a carne negra&#8221;. Personalidades como cantora Tereza Cristina e Jandira Fegali participam do ato. (Foto: Saulo \u00c2ngelo\/AE)<\/p>\n<p class=\"texto\">\u201cNo momento em que ela tenta tirar o seguran\u00e7a de cima do filho dela, o seguran\u00e7a Davi faz um movimento brusco com o bra\u00e7o e ela rola no ch\u00e3o, lesionando o cotovelo esquerdo\u201d, disse Ramalho.<\/p>\n<p class=\"texto\">Pela manh\u00e3, dois funcion\u00e1rios do supermercado prestaram depoimento na DH.<\/p>\n<p class=\"texto\">Davi Ricardo, e outros tr\u00eas seguran\u00e7as, s\u00e3o esperados ainda hoje para prestarem depoimento na DH. Os dois seguran\u00e7as trabalhavam no momento em que Davi Ricardo imobilizou e asfixiou o jovem Pedro Henrique, que morreu em decorr\u00eancia da a\u00e7\u00e3o violenta.<\/p>\n<p class=\"texto\">Ambos s\u00e3o acusados por omiss\u00e3o de socorro, mas se o caso mudar da acusa\u00e7\u00e3o de homic\u00eddio culposo para doloso, quando h\u00e1 a inten\u00e7\u00e3o de matar, eles tamb\u00e9m podem receber essa acusa\u00e7\u00e3o.<\/p>\n<p class=\"texto\">A omiss\u00e3o de socorro \u00e9 porque a a\u00e7\u00e3o de asfixia prosseguiu mesmo ap\u00f3s Davi Ricardo ser alertado, reiteradamente, de que o jovem j\u00e1 estava desacordado e em processo de cianose. Al\u00e9m disso, eram os respons\u00e1veis no momento por resguardar as vidas no local e nada fizeram para impedir uma morte.<\/p>\n<p class=\"texto\">Eles chegaram pouco antes das 10h30, acompanhados de dois advogados. O nome deles n\u00e3o foi divulgado. O delegado do caso, Ant\u00f4nio Ricardo Lima Nunes, explicou, ontem, que os dois j\u00e1 ir\u00e3o responder por omiss\u00e3o de socorro.<\/p>\n<\/div>\n<p>Jornal do Brasil ( 20.2.19)<\/p>\n<\/div>\n","protected":false},"excerpt":{"rendered":"<p>A m\u00e3e de Pedro Henrique Gonzaga, Dinalva de Oliveira, compareceu hoje (20) \u00e0 Delegacia de Homic\u00eddios, na Barra da Tijuca. Ela foi formalizar uma representa\u00e7\u00e3o de les\u00e3o corporal contra o seguran\u00e7a Davi Ricardo Moreira Am\u00e2ncio, acusado da morte de Pedro, por imobiliza\u00e7\u00e3o seguida de asfixia, numa filial do supermercado Extra. Segundo o advogado da fam\u00edlia, [&hellip;]<\/p>\n","protected":false},"author":3,"featured_media":1249,"comment_status":"open","ping_status":"open","sticky":false,"template":"","format":"standard","meta":{"footnotes":""},"categories":[9,7],"tags":[12,20,21],"class_list":["post-1248","post","type-post","status-publish","format-standard","has-post-thumbnail","hentry","category-destaque-2","category-racismo-no-mundo","tag-crime-de-racismo","tag-pedro-henrique-gonzaga","tag-pedro-henrique-gonzaga-crime-racial"],"_links":{"self":[{"href":"https:\/\/novo.mnu.org.br\/index.php?rest_route=\/wp\/v2\/posts\/1248","targetHints":{"allow":["GET"]}}],"collection":[{"href":"https:\/\/novo.mnu.org.br\/index.php?rest_route=\/wp\/v2\/posts"}],"about":[{"href":"https:\/\/novo.mnu.org.br\/index.php?rest_route=\/wp\/v2\/types\/post"}],"author":[{"embeddable":true,"href":"https:\/\/novo.mnu.org.br\/index.php?rest_route=\/wp\/v2\/users\/3"}],"replies":[{"embeddable":true,"href":"https:\/\/novo.mnu.org.br\/index.php?rest_route=%2Fwp%2Fv2%2Fcomments&post=1248"}],"version-history":[{"count":0,"href":"https:\/\/novo.mnu.org.br\/index.php?rest_route=\/wp\/v2\/posts\/1248\/revisions"}],"wp:featuredmedia":[{"embeddable":true,"href":"https:\/\/novo.mnu.org.br\/index.php?rest_route=\/wp\/v2\/media\/1249"}],"wp:attachment":[{"href":"https:\/\/novo.mnu.org.br\/index.php?rest_route=%2Fwp%2Fv2%2Fmedia&parent=1248"}],"wp:term":[{"taxonomy":"category","embeddable":true,"href":"https:\/\/novo.mnu.org.br\/index.php?rest_route=%2Fwp%2Fv2%2Fcategories&post=1248"},{"taxonomy":"post_tag","embeddable":true,"href":"https:\/\/novo.mnu.org.br\/index.php?rest_route=%2Fwp%2Fv2%2Ftags&post=1248"}],"curies":[{"name":"wp","href":"https:\/\/api.w.org\/{rel}","templated":true}]}}