{"id":1238,"date":"2019-02-08T11:47:30","date_gmt":"2019-02-08T13:47:30","guid":{"rendered":"http:\/\/mnu.org.br\/?p=1238"},"modified":"2019-02-08T11:47:30","modified_gmt":"2019-02-08T13:47:30","slug":"mnu-na-luta-por-reparacao","status":"publish","type":"post","link":"https:\/\/novo.mnu.org.br\/?p=1238","title":{"rendered":"MNU na luta por Repara\u00e7\u00e3o"},"content":{"rendered":"<p>O Movimento Negro Unificado (MNU) realizar\u00e1 o 1\u00ba Semin\u00e1rio Nacional de Repara\u00e7\u00e3o, nos dias 22, 23 e 24 de fevereiro de 2019, no Rio de Janeiro \u2013 RJ.<\/p>\n<p>A abertura do 1\u00ba\u00a0Semin\u00e1rio Nacional de Repara\u00e7\u00e3o\u00a0 ser\u00e1 na sexta-feira (22), \u00e0s 19 horas, no s\u00e1bado (23), os trabalhos come\u00e7ar\u00e3o \u00e0s 10 h com o tema A\u00e7\u00f5es Afirmativas e \u00e0s 15 h o debate continuar\u00e1 com a mesa sobre Repara\u00e7\u00f5es.\u00a0 No domingo (24), das 10 h \u00e0s 14 h, o espa\u00e7o est\u00e1 reservado para os encaminhamentos da Luta por Repara\u00e7\u00e3o.<\/p>\n<p>Fa\u00e7a <a href=\"https:\/\/goo.gl\/forms\/oUEX7N7HZznV0mWs1\">aqui<\/a>\u00a0 a sua inscri\u00e7\u00e3o\u00a0 at\u00e9 o dia 12 de fevereiro.<\/p>\n","protected":false},"excerpt":{"rendered":"<p>O Movimento Negro Unificado (MNU) realizar\u00e1 o 1\u00ba Semin\u00e1rio Nacional de Repara\u00e7\u00e3o, nos dias 22, 23 e 24 de fevereiro de 2019, no Rio de Janeiro \u2013 RJ. A abertura do 1\u00ba\u00a0Semin\u00e1rio Nacional de Repara\u00e7\u00e3o\u00a0 ser\u00e1 na sexta-feira (22), \u00e0s 19 horas, no s\u00e1bado (23), os trabalhos come\u00e7ar\u00e3o \u00e0s 10 h com o tema A\u00e7\u00f5es [&hellip;]<\/p>\n","protected":false},"author":3,"featured_media":1240,"comment_status":"open","ping_status":"open","sticky":false,"template":"","format":"standard","meta":{"footnotes":""},"categories":[5],"tags":[23],"class_list":["post-1238","post","type-post","status-publish","format-standard","has-post-thumbnail","hentry","category-noticias","tag-reparacao-mnue-a-luta-por-reparacao-seminarioderepacao"],"_links":{"self":[{"href":"https:\/\/novo.mnu.org.br\/index.php?rest_route=\/wp\/v2\/posts\/1238","targetHints":{"allow":["GET"]}}],"collection":[{"href":"https:\/\/novo.mnu.org.br\/index.php?rest_route=\/wp\/v2\/posts"}],"about":[{"href":"https:\/\/novo.mnu.org.br\/index.php?rest_route=\/wp\/v2\/types\/post"}],"author":[{"embeddable":true,"href":"https:\/\/novo.mnu.org.br\/index.php?rest_route=\/wp\/v2\/users\/3"}],"replies":[{"embeddable":true,"href":"https:\/\/novo.mnu.org.br\/index.php?rest_route=%2Fwp%2Fv2%2Fcomments&post=1238"}],"version-history":[{"count":0,"href":"https:\/\/novo.mnu.org.br\/index.php?rest_route=\/wp\/v2\/posts\/1238\/revisions"}],"wp:featuredmedia":[{"embeddable":true,"href":"https:\/\/novo.mnu.org.br\/index.php?rest_route=\/wp\/v2\/media\/1240"}],"wp:attachment":[{"href":"https:\/\/novo.mnu.org.br\/index.php?rest_route=%2Fwp%2Fv2%2Fmedia&parent=1238"}],"wp:term":[{"taxonomy":"category","embeddable":true,"href":"https:\/\/novo.mnu.org.br\/index.php?rest_route=%2Fwp%2Fv2%2Fcategories&post=1238"},{"taxonomy":"post_tag","embeddable":true,"href":"https:\/\/novo.mnu.org.br\/index.php?rest_route=%2Fwp%2Fv2%2Ftags&post=1238"}],"curies":[{"name":"wp","href":"https:\/\/api.w.org\/{rel}","templated":true}]}}