{"id":1200,"date":"2019-02-01T18:47:13","date_gmt":"2019-02-01T20:47:13","guid":{"rendered":"http:\/\/mnu.org.br\/?p=1200"},"modified":"2019-02-01T18:47:13","modified_gmt":"2019-02-01T20:47:13","slug":"mnu-realiza-seminario-nacional-de-reparacao","status":"publish","type":"post","link":"https:\/\/novo.mnu.org.br\/?p=1200","title":{"rendered":"MNU realiza Semin\u00e1rio Nacional de Repara\u00e7\u00e3o"},"content":{"rendered":"<p>O Movimento Negro Unificado (MNU) realizar\u00e1 o 1\u00ba Semin\u00e1rio Nacional de Repara\u00e7\u00e3o, nos dias 22, 23 e 24 de fevereiro de 2019, no Rio de Janeiro \u2013 RJ.<\/p>\n<p>A Declara\u00e7\u00e3o de Durban, da Confer\u00eancia Mundial contra o Racismo da ONU, em 2001, na \u00c1frica do Sul,\u00a0 considerou a escravid\u00e3o e o tr\u00e1fico de escravos crimes contra a humanidade. O documento imp\u00f5e aos Estados a promo\u00e7\u00e3o de medidas para reparar os danos causados pela barb\u00e1rie da escravid\u00e3o e o Brasil \u00e9 um dos signat\u00e1rios.<\/p>\n<p>Com o debate sobre repara\u00e7\u00e3o, o MNU refor\u00e7a o compromisso pela luta por justi\u00e7a ao povo negro, como parte das comemora\u00e7\u00f5es dos 40 anos de luta contra o racismo.\u00a0 Em 2002,\u00a0 a entidade,\u00a0 no seu Congresso Nacional, deliberou pela defesa , como protagonista, da repara\u00e7\u00e3o.<\/p>\n<p>Espa\u00e7o democr\u00e1tico para o debate e\u00a0 forma\u00e7\u00e3o, o semin\u00e1rio\u00a0 apresentar\u00e1 caminhos pol\u00edticos constru\u00eddos h\u00e1 tempos por militantes dedicados \u00e0 Luta pela Repara\u00e7\u00e3o. Conscientiza\u00e7\u00e3o de Povo, Territorialidade e Direito de Justi\u00e7a ser\u00e3o os pontos balizadores das discuss\u00f5es.<\/p>\n<p>A abertura do 1\u00ba\u00a0Semin\u00e1rio Nacional de Repara\u00e7\u00e3o\u00a0 ser\u00e1 na sexta-feira (22), \u00e0s 19 horas, no s\u00e1bado (23), os trabalhos come\u00e7ar\u00e3o \u00e0s 10 h com o tema A\u00e7\u00f5es Afirmativas e \u00e0s 15 h o debate continuar\u00e1 com a mesa sobre Repara\u00e7\u00f5es.\u00a0 No domingo (24), das 10 h \u00e0s 14 h, o espa\u00e7o est\u00e1 reservado para os encaminhamentos da Luta por Repara\u00e7\u00e3o.<\/p>\n<p>Fa\u00e7a <a href=\"https:\/\/goo.gl\/forms\/oUEX7N7HZznV0mWs1\">aqui<\/a>\u00a0 a sua inscri\u00e7\u00e3o\u00a0 at\u00e9 o dia 12 de fevereiro.<\/p>\n<p><strong>\u00a0<\/strong><\/p>\n<p><strong>Programa\u00e7\u00e3o:<\/strong><\/p>\n<p><strong>22.2 (Sexta-feira)<\/strong><\/p>\n<p>19 h\u00a0 \u2013 Abertura<\/p>\n<p><strong>23.2 (S\u00e1bado)<\/strong><\/p>\n<p>10 h &#8211;\u00a0 A\u00e7\u00f5es Afirmativas<\/p>\n<p>15 h &#8211;\u00a0 Repara\u00e7\u00e3o<\/p>\n<p><strong>24.2 (Domingo)<\/strong><\/p>\n<p>Encaminhamentos -10h<\/p>\n<p>Encerramento -15h<\/p>\n<p>&nbsp;<\/p>\n<p><strong>LOCAL:<\/strong> SINDSPREV<\/p>\n<p>Endere\u00e7o: Rua Joaquim Silva, 98 \u2013 A, LAPA \u2013 Rio de Janeiro\/RJ.<\/p>\n<p>Informa\u00e7\u00f5es: <a href=\"mailto:mnureparacao@gmail.com\">mnureparacao@gmail.com<\/a><\/p>\n<p>Fone: (21) 988154530\/ (21) 96448-3695 (21) 96816-9559<\/p>\n<p>&nbsp;<\/p>\n","protected":false},"excerpt":{"rendered":"<p>O Movimento Negro Unificado (MNU) realizar\u00e1 o 1\u00ba Semin\u00e1rio Nacional de Repara\u00e7\u00e3o, nos dias 22, 23 e 24 de fevereiro de 2019, no Rio de Janeiro \u2013 RJ. A Declara\u00e7\u00e3o de Durban, da Confer\u00eancia Mundial contra o Racismo da ONU, em 2001, na \u00c1frica do Sul,\u00a0 considerou a escravid\u00e3o e o tr\u00e1fico de escravos crimes [&hellip;]<\/p>\n","protected":false},"author":3,"featured_media":1226,"comment_status":"open","ping_status":"open","sticky":false,"template":"","format":"standard","meta":{"footnotes":""},"categories":[8,5],"tags":[13,15,17],"class_list":["post-1200","post","type-post","status-publish","format-standard","has-post-thumbnail","hentry","category-destaque-1","category-noticias","tag-direito-povo-negro","tag-lutaporreparacao","tag-mnu-40-anos"],"_links":{"self":[{"href":"https:\/\/novo.mnu.org.br\/index.php?rest_route=\/wp\/v2\/posts\/1200","targetHints":{"allow":["GET"]}}],"collection":[{"href":"https:\/\/novo.mnu.org.br\/index.php?rest_route=\/wp\/v2\/posts"}],"about":[{"href":"https:\/\/novo.mnu.org.br\/index.php?rest_route=\/wp\/v2\/types\/post"}],"author":[{"embeddable":true,"href":"https:\/\/novo.mnu.org.br\/index.php?rest_route=\/wp\/v2\/users\/3"}],"replies":[{"embeddable":true,"href":"https:\/\/novo.mnu.org.br\/index.php?rest_route=%2Fwp%2Fv2%2Fcomments&post=1200"}],"version-history":[{"count":0,"href":"https:\/\/novo.mnu.org.br\/index.php?rest_route=\/wp\/v2\/posts\/1200\/revisions"}],"wp:featuredmedia":[{"embeddable":true,"href":"https:\/\/novo.mnu.org.br\/index.php?rest_route=\/wp\/v2\/media\/1226"}],"wp:attachment":[{"href":"https:\/\/novo.mnu.org.br\/index.php?rest_route=%2Fwp%2Fv2%2Fmedia&parent=1200"}],"wp:term":[{"taxonomy":"category","embeddable":true,"href":"https:\/\/novo.mnu.org.br\/index.php?rest_route=%2Fwp%2Fv2%2Fcategories&post=1200"},{"taxonomy":"post_tag","embeddable":true,"href":"https:\/\/novo.mnu.org.br\/index.php?rest_route=%2Fwp%2Fv2%2Ftags&post=1200"}],"curies":[{"name":"wp","href":"https:\/\/api.w.org\/{rel}","templated":true}]}}