{"id":1085,"date":"2018-05-01T00:00:25","date_gmt":"2018-05-01T03:00:25","guid":{"rendered":"http:\/\/mnu.org.br\/?p=1085"},"modified":"2018-05-01T00:00:25","modified_gmt":"2018-05-01T03:00:25","slug":"dia-do-trabalhador","status":"publish","type":"post","link":"https:\/\/novo.mnu.org.br\/?p=1085","title":{"rendered":""},"content":{"rendered":"<blockquote><p>No Dia do Trabalhador,\u00a0 o Movimento Negro Unificado ( MNU ) reafirma o seu compromisso de 40 anos de luta pelos direitos do povo negro. &#8220;Inspirado na luta de Zumbi, Dandara e na for\u00e7a e resist\u00eancia dos primeiros trabalhadores e trabalhadoras do Brasil que foram escravizados por mais de 380 anos,\u00a0 o MNU reafirma nesse 1\u00ba de MAIO o compromisso com o combate ao racismo, contra opress\u00e3o de toda natureza e pela democracia&#8221;.<\/p><\/blockquote>\n<p><!--more--><\/p>\n<h1 class=\"x_MsoNormal\" style=\"text-align: center;\"><strong>\u00a01\u00ba DE\u00a0\u00a0MAIO<\/strong><\/h1>\n<h3 style=\"text-align: center;\">MNU reafirma o compromisso com a luta pelos direitos da classe trabalhadora\u00a0 e pela retomada da democracia<\/h3>\n<p class=\"x_MsoNormal\">O Movimento Negro Unificado ( MNU ), inspirado na luta de Zumbi, Dandara e na for\u00e7a e resist\u00eancia dos primeiros trabalhadores e trabalhadoras do Brasil que foram escravizados por mais de 380 anos, reafirma nesse 1\u00ba\u00a0 de MAIO nosso compromisso com o combate ao racismo, contra opress\u00e3o de toda natureza e pela democracia.<\/p>\n<p class=\"x_MsoNormal\">O povo negro, que construiu o Brasil e sobrevive a um processo genocida,\u00a0 representa hoje 2\/3 da popula\u00e7\u00e3o brasileira e conduzido por for\u00e7a ancestral e pela capacidade de organiza\u00e7\u00e3o daqueles que iniciaram essa historia de honra, luta e conquistas segue na resist\u00eancia por uma vida digna e justa.<\/p>\n<p class=\"x_MsoNormal\">E neste momento do recrudescimento da luta de classes e da amplia\u00e7\u00e3o da barb\u00e1rie contra a popula\u00e7\u00e3o, n\u00f3s, militantes do MNU, conclamamos a classe trabalhadora para continuar reagindo ao golpe de Estado em curso no Brasil.<\/p>\n<p class=\"x_MsoNormal\">Conscientes de que todos os avan\u00e7os no campo do trabalho foram duras conquistas, e de que\u00a0\u00a0negras e negros ocupam, ainda, as piores posi\u00e7\u00f5es no mercado de trabalho, lutamos contra a retirada de direitos trabalhistas, previdenci\u00e1rios e sociais da classe trabalhadora, contra o racismo que marca as rela\u00e7\u00f5es de trabalho neste pa\u00eds e pela real democracia. N\u00e3o vamos recuar na luta pela manuten\u00e7\u00e3o e amplia\u00e7\u00e3o de direitos.<\/p>\n<p style=\"text-align: center;\"><strong>Reaja \u00e0 Viol\u00eancia Racial !<\/strong><\/p>\n<p style=\"text-align: center;\"><strong>Basta de Genoc\u00eddio do Povo Preto !<\/strong><\/p>\n<p style=\"text-align: center;\"><strong>Pela Igualdade de Ra\u00e7a e G\u00eanero no Mercado de Trabalho !<\/strong><\/p>\n<p style=\"text-align: center;\"><strong>Contra o Racismo !<\/strong><\/p>\n<p style=\"text-align: center;\"><strong>Contra o Ass\u00e9dio Sexual e Moral no Trabalho !<\/strong><\/p>\n<p class=\"x_MsoNormal\" style=\"text-align: right;\">Brasil, 1\u00ba de MAIO\u00a0\u00a0de\u00a02018.<\/p>\n<p class=\"x_MsoNormal\" align=\"center\"><strong>Movimento Negro Unificado<\/strong><\/p>\n<p>&nbsp;<\/p>\n<hr \/>\n<p>&nbsp;<\/p>\n<p><img loading=\"lazy\" decoding=\"async\" class=\"alignnone wp-image-1087 size-full\" src=\"https:\/\/novo.mnu.org.br\/wp-content\/uploads\/2018\/05\/MNU-1o-DE-MAIO-DE-2018-LUTA-PELOS-DIREITOS-DA-CLASSE-TRABALHADORA.jpg\" alt=\"1\u00ba DE MAIO\" width=\"2482\" height=\"3508\" \/><\/p>\n","protected":false},"excerpt":{"rendered":"<p>No Dia do Trabalhador,\u00a0 o Movimento Negro Unificado ( MNU ) reafirma o seu compromisso de 40 anos de luta pelos direitos do povo negro. &#8220;Inspirado na luta de Zumbi, Dandara e na for\u00e7a e resist\u00eancia dos primeiros trabalhadores e trabalhadoras do Brasil que foram escravizados por mais de 380 anos,\u00a0 o MNU reafirma nesse [&hellip;]<\/p>\n","protected":false},"author":3,"featured_media":1093,"comment_status":"open","ping_status":"open","sticky":false,"template":"","format":"standard","meta":{"footnotes":""},"categories":[9],"tags":[10,14,16,22,24],"class_list":["post-1085","post","type-post","status-publish","format-standard","has-post-thumbnail","hentry","category-destaque-2","tag-1o-de-maio","tag-igualdade-de-raca-e-genero","tag-mercado-de-traballho","tag-racismo","tag-trabalhador"],"_links":{"self":[{"href":"https:\/\/novo.mnu.org.br\/index.php?rest_route=\/wp\/v2\/posts\/1085","targetHints":{"allow":["GET"]}}],"collection":[{"href":"https:\/\/novo.mnu.org.br\/index.php?rest_route=\/wp\/v2\/posts"}],"about":[{"href":"https:\/\/novo.mnu.org.br\/index.php?rest_route=\/wp\/v2\/types\/post"}],"author":[{"embeddable":true,"href":"https:\/\/novo.mnu.org.br\/index.php?rest_route=\/wp\/v2\/users\/3"}],"replies":[{"embeddable":true,"href":"https:\/\/novo.mnu.org.br\/index.php?rest_route=%2Fwp%2Fv2%2Fcomments&post=1085"}],"version-history":[{"count":0,"href":"https:\/\/novo.mnu.org.br\/index.php?rest_route=\/wp\/v2\/posts\/1085\/revisions"}],"wp:featuredmedia":[{"embeddable":true,"href":"https:\/\/novo.mnu.org.br\/index.php?rest_route=\/wp\/v2\/media\/1093"}],"wp:attachment":[{"href":"https:\/\/novo.mnu.org.br\/index.php?rest_route=%2Fwp%2Fv2%2Fmedia&parent=1085"}],"wp:term":[{"taxonomy":"category","embeddable":true,"href":"https:\/\/novo.mnu.org.br\/index.php?rest_route=%2Fwp%2Fv2%2Fcategories&post=1085"},{"taxonomy":"post_tag","embeddable":true,"href":"https:\/\/novo.mnu.org.br\/index.php?rest_route=%2Fwp%2Fv2%2Ftags&post=1085"}],"curies":[{"name":"wp","href":"https:\/\/api.w.org\/{rel}","templated":true}]}}