{"id":1067,"date":"2018-04-07T10:00:24","date_gmt":"2018-04-07T13:00:24","guid":{"rendered":"http:\/\/mnu.org.br\/?p=1067"},"modified":"2018-04-07T10:00:24","modified_gmt":"2018-04-07T13:00:24","slug":"tvs-sao-condenadas-a-veicular-programas-sobre-religioes-de-origem-africana","status":"publish","type":"post","link":"https:\/\/novo.mnu.org.br\/?p=1067","title":{"rendered":"TVs s\u00e3o condenadas a veicular programas sobre religi\u00f5es de origem africana"},"content":{"rendered":"<p><!--more--><\/p>\n<p><a href=\"https:\/\/www.conjur.com.br\/2018-abr-07\/tvs-terao-veicular-programas-religioes-origem-africana\">Do Conjur <\/a><\/p>\n<h6><a href=\"https:\/\/www.conjur.com.br\/2018-abr-07\/tvs-terao-veicular-programas-religioes-origem-africana\">7 de abril de 2018, 7h23<\/a><\/h6>\n<p>&nbsp;<\/p>\n<p>&nbsp;<\/p>\n<p class=\"twowords\">DIREITO DE RESPOSTA<\/p>\n<h2 class=\"title\">TVs s\u00e3o condenadas a veicular programas sobre religi\u00f5es de origem africana<\/h2>\n<div>\n<p>Duas emissoras de TV foram condenadas a conceder direito de resposta \u00e0s religi\u00f5es de origem africana por veicularem constantes agress\u00f5es a quem professa tais cren\u00e7as. Pelas ofensas, a TV Record e a Rede Mulher ter\u00e3o de\u00a0exibir oito programas cada uma para esclarecer aspectos culturais e \u201crecompor a verdade\u201d. A decis\u00e3o \u00e9 da 6\u00aa\u00a0Turma do Tribunal Regional Federal da 3\u00aa Regi\u00e3o.<\/p>\n<\/div>\n<div class=\"wysiwyg\">\n<p>A a\u00e7\u00e3o foi movida pelo Minist\u00e9rio P\u00fablico Federal em conjunto com o\u00a0Instituto Nacional de Tradi\u00e7\u00e3o e Cultura Afro-Brasileira (Itecab) e o Centro de Estudos das Rela\u00e7\u00f5es de Trabalho e da Desigualdade (Ceert).<\/p>\n<p>Os autores alegam que as religi\u00f5es afro-brasileiras v\u00eam sofrendo constantes agress\u00f5es em programas veiculados por essas emissoras, o que \u00e9 vedado pela Constitui\u00e7\u00e3o Federal, que \u201cpro\u00edbe a demoniza\u00e7\u00e3o de religi\u00f5es por outras\u201d. Como exemplo, os autores citaram ofensas proferidas no programa\u00a0<em>Mist\u00e9rios<\/em>, no quadro \u201cSess\u00e3o de descarrego\u201d, e ainda na obra\u00a0<em>Orix\u00e1s, Caboclos e Guias, Deuses ou Dem\u00f4nios<\/em>.<\/p>\n<p>O TRF-3 manteve a\u00a0<a href=\"https:\/\/www.conjur.com.br\/2015-mai-12\/religioes-afro-ofendidas-programa-tv-direito-resposta\" target=\"_blank\" rel=\"noopener\">senten\u00e7a<\/a>\u00a0que considerou\u00a0comprovadas as ofensas\u00a0e que as emissoras sequer negaram os fatos, apenas procuraram extrair a \u201cconota\u00e7\u00e3o de ofensivos\u201d atribu\u00edda pelos autores.<\/p>\n<p>Segundo a relatora do ac\u00f3rd\u00e3o, desembargadora federal Consuelo Yoshida, as emissoras ter\u00e3o que conceder est\u00fadio, estrutura e pessoal de apoio necess\u00e1rio \u00e0 produ\u00e7\u00e3o de quatro programas de TV por emissora, com dura\u00e7\u00e3o m\u00ednima de uma hora cada um, a serem exibidos em duas oportunidades, totalizando oito exibi\u00e7\u00f5es por emissora, observando o intervalo de sete dias entre uma e outra.<\/p>\n<p>As transmiss\u00f5es dever\u00e3o ser precedidas de pelo menos tr\u00eas chamadas durante a programa\u00e7\u00e3o, nos mesmos padr\u00f5es que as emissoras usam para as chamadas de sua pr\u00f3pria programa\u00e7\u00e3o.<\/p>\n<p>Dever\u00e3o observar, ainda, a abrang\u00eancia territorial dos programas que praticaram as ofensas e priorizar conte\u00fados informativos e culturais para esclarecer aspectos sobre a origem, tradi\u00e7\u00f5es, organiza\u00e7\u00e3o, seguidores, rituais e outros elementos, com o prop\u00f3sito de recompor a verdade. O voto da relatora foi acompanhado tamb\u00e9m pelos desembargadores federais Johonson Di Salvo e Diva Malerbi.\u00a0<em>Com informa\u00e7\u00f5es da Assessoria de Imprensa do TRF-3.<\/em><\/p>\n<p><strong>Apela\u00e7\u00e3o C\u00edvel 0034549-11.2004.4.03.6100<\/strong><\/p>\n<\/div>\n","protected":false},"excerpt":{"rendered":"","protected":false},"author":3,"featured_media":1068,"comment_status":"open","ping_status":"open","sticky":false,"template":"","format":"standard","meta":{"footnotes":""},"categories":[7],"tags":[],"class_list":["post-1067","post","type-post","status-publish","format-standard","has-post-thumbnail","hentry","category-racismo-no-mundo"],"_links":{"self":[{"href":"https:\/\/novo.mnu.org.br\/index.php?rest_route=\/wp\/v2\/posts\/1067","targetHints":{"allow":["GET"]}}],"collection":[{"href":"https:\/\/novo.mnu.org.br\/index.php?rest_route=\/wp\/v2\/posts"}],"about":[{"href":"https:\/\/novo.mnu.org.br\/index.php?rest_route=\/wp\/v2\/types\/post"}],"author":[{"embeddable":true,"href":"https:\/\/novo.mnu.org.br\/index.php?rest_route=\/wp\/v2\/users\/3"}],"replies":[{"embeddable":true,"href":"https:\/\/novo.mnu.org.br\/index.php?rest_route=%2Fwp%2Fv2%2Fcomments&post=1067"}],"version-history":[{"count":0,"href":"https:\/\/novo.mnu.org.br\/index.php?rest_route=\/wp\/v2\/posts\/1067\/revisions"}],"wp:featuredmedia":[{"embeddable":true,"href":"https:\/\/novo.mnu.org.br\/index.php?rest_route=\/wp\/v2\/media\/1068"}],"wp:attachment":[{"href":"https:\/\/novo.mnu.org.br\/index.php?rest_route=%2Fwp%2Fv2%2Fmedia&parent=1067"}],"wp:term":[{"taxonomy":"category","embeddable":true,"href":"https:\/\/novo.mnu.org.br\/index.php?rest_route=%2Fwp%2Fv2%2Fcategories&post=1067"},{"taxonomy":"post_tag","embeddable":true,"href":"https:\/\/novo.mnu.org.br\/index.php?rest_route=%2Fwp%2Fv2%2Ftags&post=1067"}],"curies":[{"name":"wp","href":"https:\/\/api.w.org\/{rel}","templated":true}]}}