{"id":1044,"date":"2018-03-25T06:30:10","date_gmt":"2018-03-25T09:30:10","guid":{"rendered":"http:\/\/mnu.org.br\/?p=1044"},"modified":"2018-03-25T06:30:10","modified_gmt":"2018-03-25T09:30:10","slug":"mnu-inicia-celebracao-dos-40-anos-no-fsm","status":"publish","type":"post","link":"https:\/\/novo.mnu.org.br\/?p=1044","title":{"rendered":"MNU inicia celebra\u00e7\u00e3o dos 40 anos no FSM"},"content":{"rendered":"<blockquote><p>Militantes de 17 estados reafirmaram a luta contra o racismo.<\/p><\/blockquote>\n<p><!--more--><\/p>\n<p>Durante a Marcha de Abertura do F\u00f3rum Social Mundial (FSM), em Salvador, Bahia\/Brasil, no dia 13 de mar\u00e7o de 2018, o Movimento Negro Unificado (MNU) abriu a celebra\u00e7\u00e3o dos 40 anos de luta contra o racismo e pela vida.<\/p>\n<p>Militantes do MNU de 17 estados do Brasil, junto com os milhares de participantes da Marcha Resistir \u00e9 Criar, Resistir \u00e9 Transformar, reafirmaram a luta contra o racismo, por uma sociedade verdadeiramente democr\u00e1tica que a entidade iniciou em 1978.<\/p>\n<p>\u201cEstamos nas ruas contra o racismo, elemento estrutural da sociedade que define o lugar desigual, as condi\u00e7\u00f5es desfavor\u00e1veis entre negras\/ negros e brancos nesse pa\u00eds. Racismo mata. Vamos continuar a luta por uma sociedade verdadeira democracia, uma sociedade racialmente democr\u00e1tica. 2018. A luta continua&#8221;, falou a coordenadora nacional do MNU, I\u00eada Leal, na marcha de lan\u00e7amento dos 40 anos.<\/p>\n<p>Nas ruas as vozes do povo negro ecoaram contra o exterm\u00ednio da juventude negra, pela vida das mulheres negras. Em defesa do territ\u00f3rio quilombola e a cultura de matriz africana. Contra o machismo e a lgbtfobia. &nbsp;Contra o genoc\u00eddio do povo negro.<\/p>\n<p>&nbsp;<\/p>\n<p><img loading=\"lazy\" decoding=\"async\" class=\"alignnone wp-image-997\" src=\"http:\/\/mnu.org.br\/wp-content\/uploads\/2018\/03\/1-Marcha-de-abetura-do-FSM-lan\u00e7amento-da-C-2--251x300.jpg\" alt=\"\" width=\"326\" height=\"389\"> <img loading=\"lazy\" decoding=\"async\" class=\"alignnone wp-image-998\" src=\"http:\/\/mnu.org.br\/wp-content\/uploads\/2018\/03\/2-Marcha-de-abetura-do-FSM-lan\u00e7amento-da-C-3-225x300.jpg\" alt=\"\" width=\"295\" height=\"394\"> <img loading=\"lazy\" decoding=\"async\" class=\"alignnone wp-image-999\" src=\"http:\/\/mnu.org.br\/wp-content\/uploads\/2018\/03\/2-Marcha-de-abetura-do-FSM-lan\u00e7amento-da-C-4-300x225.jpg\" alt=\"\" width=\"308\" height=\"232\"> <img loading=\"lazy\" decoding=\"async\" class=\"alignnone wp-image-1000\" src=\"http:\/\/mnu.org.br\/wp-content\/uploads\/2018\/03\/2-Marcha-de-abetura-do-FSM-lan\u00e7amento-da-C-9-300x225.jpg\" alt=\"\" width=\"311\" height=\"234\"> <img loading=\"lazy\" decoding=\"async\" class=\"alignnone wp-image-1001\" src=\"http:\/\/mnu.org.br\/wp-content\/uploads\/2018\/03\/2-Marcha-de-abetura-do-FSM-lan\u00e7amento-da-C-6-300x225.jpg\" alt=\"\" width=\"629\" height=\"470\">&nbsp; &nbsp; &nbsp;&nbsp;&nbsp;<img loading=\"lazy\" decoding=\"async\" class=\"alignnone wp-image-1003\" src=\"http:\/\/mnu.org.br\/wp-content\/uploads\/2018\/03\/2-Marcha-de-abetura-do-FSM-lan\u00e7amento-da-C-10-300x225.jpg\" alt=\"\" width=\"304\" height=\"228\">&nbsp; &nbsp;&nbsp;&nbsp;<img loading=\"lazy\" decoding=\"async\" class=\"alignnone size-medium wp-image-1005\" src=\"http:\/\/mnu.org.br\/wp-content\/uploads\/2018\/03\/2-Marcha-de-abetura-do-FSM-lan\u00e7amento-da-C-17-300x225.jpg\" alt=\"\" width=\"300\" height=\"225\">&nbsp;&nbsp;&nbsp; &nbsp;<img loading=\"lazy\" decoding=\"async\" class=\"alignnone size-medium wp-image-1004\" src=\"http:\/\/mnu.org.br\/wp-content\/uploads\/2018\/03\/2-Marcha-de-abetura-do-FSM-lan\u00e7amento-da-C-12-225x300.jpg\" alt=\"\" width=\"225\" height=\"300\">&nbsp; &nbsp;<img loading=\"lazy\" decoding=\"async\" class=\"alignnone wp-image-1011 \" src=\"http:\/\/mnu.org.br\/wp-content\/uploads\/2018\/03\/2-Marcha-de-abetura-do-FSM-lan\u00e7amento-da-C-9-1-300x225.jpg\" alt=\"\" width=\"388\" height=\"291\"><\/p>\n<p style=\"text-align: center;\"><strong>MNU 40 ANOS \u2013 1978\/2018<\/strong><\/p>\n<p style=\"text-align: center;\"><strong>CONTRA O RACISMO E PELA VIDA!<\/strong><\/p>\n<p style=\"text-align: center;\"><strong>JUSTI\u00c7A PARA O POVO NEGRO!<\/strong><\/p>\n<p>&nbsp;<\/p>\n<p><img loading=\"lazy\" decoding=\"async\" class=\"size-medium wp-image-944 aligncenter\" src=\"http:\/\/mnu.org.br\/wp-content\/uploads\/2018\/03\/c1a31681-f579-4bc2-ab18-b7698f574ab4-300x271.jpg\" alt=\"\" width=\"300\" height=\"271\" srcset=\"https:\/\/novo.mnu.org.br\/wp-content\/uploads\/2018\/03\/c1a31681-f579-4bc2-ab18-b7698f574ab4-300x271.jpg 300w, https:\/\/novo.mnu.org.br\/wp-content\/uploads\/2018\/03\/c1a31681-f579-4bc2-ab18-b7698f574ab4-1024x926.jpg 1024w, https:\/\/novo.mnu.org.br\/wp-content\/uploads\/2018\/03\/c1a31681-f579-4bc2-ab18-b7698f574ab4-768x694.jpg 768w, https:\/\/novo.mnu.org.br\/wp-content\/uploads\/2018\/03\/c1a31681-f579-4bc2-ab18-b7698f574ab4.jpg 1280w\" sizes=\"auto, (max-width: 300px) 100vw, 300px\" \/><\/p>\n","protected":false},"excerpt":{"rendered":"<p>Militantes de 17 estados reafirmaram a luta contra o racismo.<\/p>\n","protected":false},"author":3,"featured_media":1007,"comment_status":"open","ping_status":"open","sticky":false,"template":"","format":"standard","meta":{"footnotes":""},"categories":[8,5],"tags":[],"class_list":["post-1044","post","type-post","status-publish","format-standard","has-post-thumbnail","hentry","category-destaque-1","category-noticias"],"_links":{"self":[{"href":"https:\/\/novo.mnu.org.br\/index.php?rest_route=\/wp\/v2\/posts\/1044","targetHints":{"allow":["GET"]}}],"collection":[{"href":"https:\/\/novo.mnu.org.br\/index.php?rest_route=\/wp\/v2\/posts"}],"about":[{"href":"https:\/\/novo.mnu.org.br\/index.php?rest_route=\/wp\/v2\/types\/post"}],"author":[{"embeddable":true,"href":"https:\/\/novo.mnu.org.br\/index.php?rest_route=\/wp\/v2\/users\/3"}],"replies":[{"embeddable":true,"href":"https:\/\/novo.mnu.org.br\/index.php?rest_route=%2Fwp%2Fv2%2Fcomments&post=1044"}],"version-history":[{"count":0,"href":"https:\/\/novo.mnu.org.br\/index.php?rest_route=\/wp\/v2\/posts\/1044\/revisions"}],"wp:featuredmedia":[{"embeddable":true,"href":"https:\/\/novo.mnu.org.br\/index.php?rest_route=\/wp\/v2\/media\/1007"}],"wp:attachment":[{"href":"https:\/\/novo.mnu.org.br\/index.php?rest_route=%2Fwp%2Fv2%2Fmedia&parent=1044"}],"wp:term":[{"taxonomy":"category","embeddable":true,"href":"https:\/\/novo.mnu.org.br\/index.php?rest_route=%2Fwp%2Fv2%2Fcategories&post=1044"},{"taxonomy":"post_tag","embeddable":true,"href":"https:\/\/novo.mnu.org.br\/index.php?rest_route=%2Fwp%2Fv2%2Ftags&post=1044"}],"curies":[{"name":"wp","href":"https:\/\/api.w.org\/{rel}","templated":true}]}}