{"id":1023,"date":"2018-03-27T06:13:23","date_gmt":"2018-03-27T09:13:23","guid":{"rendered":"http:\/\/mnu.org.br\/?p=1023"},"modified":"2018-03-27T06:13:23","modified_gmt":"2018-03-27T09:13:23","slug":"nota-do-mnu-de-repudio-a-chacina-contra-cinco-jovens-no-conjunto-mcmv-carlos-marighela-em-itaipuacu-maricarj","status":"publish","type":"post","link":"https:\/\/novo.mnu.org.br\/?p=1023","title":{"rendered":"Nota do\u00a0MNU\u00a0de\u00a0rep\u00fadio contra chacina de cinco jovens em Maric\u00e1 &#8211; Rio de Janeiro"},"content":{"rendered":"<p>&nbsp;<\/p>\n<blockquote><p>&#8220;Eles est\u00e3o sendo executados. Morrem por serem negros e pobres&#8221;.<\/p><\/blockquote>\n<p><!--more--><\/p>\n<p>O Movimento Negro Unificado (<span class=\"highlightNode\">MNU)<\/span>, a Central de Movimentos Populares (CMP),\u00a0 Artgay\u00a0<span class=\"highlightNode\">RJ<\/span>\u00a0 e o Grupo Humanos LGBT\u00a0<span class=\"highlightNode\">Maric\u00e1<\/span>\u00a0repudiam o assassinato dos jovens de Itaipua\u00e7u\u00a0<span class=\"highlightNode\">Maric\u00e1<\/span>. Vivemos no Brasil um holocausto terrorista contra juventude negra e pobres. Eles est\u00e3o sendo executados. Morrem por serem negros e pobres nas periferias, favelas e ocupa\u00e7\u00f5es.<\/p>\n<p>No domingo dia 25 de Mar\u00e7o,\u00a0 um grupo d<span class=\"text_exposed_show\">e criminosos abordou e assassinou cinco jovens no Condom\u00ednio Carlos Marighela do MInha Casa Minha Vida, em Itaipua\u00e7u,\u00a0<span class=\"highlightNode\">Maric\u00e1<\/span>,\u00a0<span class=\"highlightNode\">RJ.\u00a0<\/span>\u00a0Crime hediondo e covarde contra jovens que apenas conversavam na \u00e1rea de conviv\u00eancia social no condom\u00ednio. Alguns\u00a0<\/span><span class=\"text_exposed_show\"> participavam de projeto sociais culturais no condom\u00ednio, como dan\u00e7a passinho, batalhas de rimas e Hip Hop. Os cinco foram v\u00edtimas do horror que grupos de exterm\u00ednio promovem pelo pa\u00eds, amea\u00e7ando perseguindo e executando os jovens.\u00a0 Essas bestas usam o discurso de \u00f3dio racista terrorista nas comunidades, esses covardes acabaram com sonhos desses meninos, dilacerando o cora\u00e7\u00e3o de suas m\u00e3es, destruindo as fam\u00edlias.<\/span><\/p>\n<p><span class=\"text_exposed_show\"> Paz e\u00a0 nossa Solidariedade aos familiares e amigos de Patrick da Silva Diniz, Matheus Bara\u00fana (16 anos), Marco Jhonata (17 anos), Matheus Bittencourt (18 anos) e S\u00e1vio de Oliveira (20 anos). <\/span><\/p>\n<p><span class=\"text_exposed_show\">Nossas homenagens a todos, lutemos contra \u00f3dio, o racismo e fascismo repudiando esse crime que, como o assassinato de Marielle Franco, est\u00e1 inserido na Interven\u00e7\u00e3o Militar e repress\u00e3o que ampliam o massacre contra a juventude negra e pobre, no cerco \u00e0s favelas e comunidades por parte de grupos armados\u00a0 que agem com a coniv\u00eancia do Estado.<\/span><\/p>\n<p><span class=\"text_exposed_show\">A Luta Negra, Popular, das Mulheres, LGBT se une na dor dessa terr\u00edvel perda. Em mem\u00f3ria dos Cinco Jovens de Itaipua\u00e7u exigimos justi\u00e7a , apura\u00e7\u00e3o e puni\u00e7\u00e3o dos assassinos ! Denunciemos esse crime B\u00e1rbaro!<\/span><\/p>\n<div class=\"text_exposed_show\">\n<p>N\u00e3o a Interven\u00e7\u00e3o Militar no Rio de Janeiro !<\/p>\n<p>Fora Temer !<\/p>\n<p>Fora Pez\u00e3o !<\/p>\n<p>Desmilitariza\u00e7\u00e3o das Pol\u00edcias j\u00e1 !<\/p>\n<p>Basta de Assassinar nossos Jovens Negros!<\/p>\n<p>Fora Racistas !<\/p>\n<p>Reaja \u00e0 Viol\u00eancia Racista e Policial !<\/p>\n<p><strong><span class=\"highlightNode\">Movimento Negro Unificado<\/span>\u00a0&#8211;\u00a0<span class=\"highlightNode\">MNU<\/span>\u00a0<span class=\"highlightNode\">Maric\u00e1<\/span><\/strong><br \/>\n<strong> Central de Movimentos Populares CMP\u00a0<span class=\"highlightNode\">Maric\u00e1<\/span><\/strong><br \/>\n<strong> Grupo Humanos LGBT\u00a0<span class=\"highlightNode\">Maric\u00e1<\/span><\/strong><\/p>\n<\/div>\n","protected":false},"excerpt":{"rendered":"<p>&nbsp; &#8220;Eles est\u00e3o sendo executados. Morrem por serem negros e pobres&#8221;.<\/p>\n","protected":false},"author":3,"featured_media":1024,"comment_status":"open","ping_status":"open","sticky":false,"template":"","format":"standard","meta":{"footnotes":""},"categories":[9,5],"tags":[],"class_list":["post-1023","post","type-post","status-publish","format-standard","has-post-thumbnail","hentry","category-destaque-2","category-noticias"],"_links":{"self":[{"href":"https:\/\/novo.mnu.org.br\/index.php?rest_route=\/wp\/v2\/posts\/1023","targetHints":{"allow":["GET"]}}],"collection":[{"href":"https:\/\/novo.mnu.org.br\/index.php?rest_route=\/wp\/v2\/posts"}],"about":[{"href":"https:\/\/novo.mnu.org.br\/index.php?rest_route=\/wp\/v2\/types\/post"}],"author":[{"embeddable":true,"href":"https:\/\/novo.mnu.org.br\/index.php?rest_route=\/wp\/v2\/users\/3"}],"replies":[{"embeddable":true,"href":"https:\/\/novo.mnu.org.br\/index.php?rest_route=%2Fwp%2Fv2%2Fcomments&post=1023"}],"version-history":[{"count":0,"href":"https:\/\/novo.mnu.org.br\/index.php?rest_route=\/wp\/v2\/posts\/1023\/revisions"}],"wp:featuredmedia":[{"embeddable":true,"href":"https:\/\/novo.mnu.org.br\/index.php?rest_route=\/wp\/v2\/media\/1024"}],"wp:attachment":[{"href":"https:\/\/novo.mnu.org.br\/index.php?rest_route=%2Fwp%2Fv2%2Fmedia&parent=1023"}],"wp:term":[{"taxonomy":"category","embeddable":true,"href":"https:\/\/novo.mnu.org.br\/index.php?rest_route=%2Fwp%2Fv2%2Fcategories&post=1023"},{"taxonomy":"post_tag","embeddable":true,"href":"https:\/\/novo.mnu.org.br\/index.php?rest_route=%2Fwp%2Fv2%2Ftags&post=1023"}],"curies":[{"name":"wp","href":"https:\/\/api.w.org\/{rel}","templated":true}]}}